{"id":1033,"date":"2017-03-19T18:14:00","date_gmt":"2017-03-19T17:14:00","guid":{"rendered":"https:\/\/www.passionvttvenelles.fr\/?p=1033"},"modified":"2024-02-08T20:58:03","modified_gmt":"2024-02-08T19:58:03","slug":"challenge-de-provence-xc-2-gardanne","status":"publish","type":"post","link":"https:\/\/www.passionvttvenelles.fr\/index.php\/2017\/03\/19\/challenge-de-provence-xc-2-gardanne\/","title":{"rendered":"Challenge de Provence XC #2 Gardanne"},"content":{"rendered":"\n<p>Premi\u00e8res grosses chaleurs sur la deuxi\u00e8me manche du challenge de Provence \u00e0&nbsp;Gardanne ce dimanche 19 mars 2017.<br>Un parcours physique long de 6 km. 2 tours pour les cadettes, 2 tours et demi pour les cadets et 4 tours pour les juniors.<br>La course \u00e9tait \u00e9galement le support du championnat des Bouches du Rhone.<\/p>\n\n\n\n<p>De bons r\u00e9sultats pour le club dans son ensemble :<br>&nbsp;&#8211; en cadettes, Estelle termine 4 \u00e0 nouveau tout pr\u00e8s&nbsp;du podium<br>&nbsp;&#8211; en cadets, une belle course d&rsquo;ensemble de nos pilotes avec Romain qui fait 6, Florian 8 et T\u00e9o 9 et un peu plus loin Clement 20, Valentin 21, Vincent 23 et Jules 24. Romain est 3 aux Bouches du Rhone.<br>&nbsp;&#8211; en juniors, une belle perf de Mathis, d\u00e9cid\u00e9ment en grande forme en ce moment, qui termine 2 au scratch et 1er junior, Thibaut est 4 junior, Julien 5, Remy 7 et Matheo 11, William malgr\u00e9 un bon d\u00e9part abandonne rapidement \u00e0 cause de son dos. A noter un tripl\u00e9 des juniors au championnat des Bouches du Rhone&nbsp;avec Mathis 1, Thibaut 2 et Julien 3.<\/p>\n\n\n\n<p>Toutes les photos de Anne (et de Jackie) ci-dessous sur le site.<br>Les r\u00e9sultats complets par categorie&nbsp;<a href=\"https:\/\/admin.sportsregions.fr\/media\/uploaded\/sites\/11393\/kcupload\/files\/resultats.pdf\">ici<\/a>&nbsp;et scratch (avec les temps au tour)&nbsp;<a href=\"https:\/\/admin.sportsregions.fr\/media\/uploaded\/sites\/11393\/kcupload\/files\/res-scratch-gardanne.pdf\">ici<\/a>.<\/p>\n","protected":false},"excerpt":{"rendered":"<p>Premi\u00e8res grosses chaleurs sur la deuxi\u00e8me manche du challenge de Provence \u00e0&nbsp;Gardanne ce dimanche 19 mars 2017.Un parcours physique long de 6 km. 2 tours pour les cadettes, 2 tours [&hellip;]<\/p>\n","protected":false},"author":2,"featured_media":1034,"comment_status":"open","ping_status":"open","sticky":false,"template":"","format":"standard","meta":{"saved_in_kubio":false,"footnotes":""},"categories":[42,22],"tags":[],"class_list":["post-1033","post","type-post","status-publish","format-standard","has-post-thumbnail","hentry","category-challenge-provence","category-competitions"],"yoast_head":"<!-- This site is optimized with the Yoast SEO plugin v27.4 - https:\/\/yoast.com\/product\/yoast-seo-wordpress\/ -->\n<title>Challenge de Provence XC #2 Gardanne - Passion VTT Venelles<\/title>\n<meta name=\"robots\" content=\"index, follow, max-snippet:-1, max-image-preview:large, max-video-preview:-1\" \/>\n<link rel=\"canonical\" href=\"https:\/\/www.passionvttvenelles.fr\/index.php\/2017\/03\/19\/challenge-de-provence-xc-2-gardanne\/\" \/>\n<meta property=\"og:locale\" content=\"fr_FR\" \/>\n<meta property=\"og:type\" content=\"article\" \/>\n<meta property=\"og:title\" content=\"Challenge de Provence XC #2 Gardanne - Passion VTT Venelles\" \/>\n<meta property=\"og:description\" content=\"Premi\u00e8res grosses chaleurs sur la deuxi\u00e8me manche du challenge de Provence \u00e0&nbsp;Gardanne ce dimanche 19 mars 2017.Un parcours physique long de 6 km. 2 tours pour les cadettes, 2 tours [&hellip;]\" \/>\n<meta property=\"og:url\" content=\"https:\/\/www.passionvttvenelles.fr\/index.php\/2017\/03\/19\/challenge-de-provence-xc-2-gardanne\/\" \/>\n<meta property=\"og:site_name\" content=\"Passion VTT Venelles\" \/>\n<meta property=\"article:publisher\" content=\"https:\/\/www.facebook.com\/passionvttvenelles\/\" \/>\n<meta property=\"article:published_time\" content=\"2017-03-19T17:14:00+00:00\" \/>\n<meta property=\"article:modified_time\" content=\"2024-02-08T19:58:03+00:00\" \/>\n<meta property=\"og:image\" content=\"https:\/\/www.passionvttvenelles.fr\/wp-content\/uploads\/2024\/02\/58cef050b775b_P1080700.jpeg\" \/>\n\t<meta property=\"og:image:width\" content=\"1024\" \/>\n\t<meta property=\"og:image:height\" content=\"768\" \/>\n\t<meta property=\"og:image:type\" content=\"image\/jpeg\" \/>\n<meta name=\"author\" content=\"Pascal Andr\u00e9\" \/>\n<meta name=\"twitter:card\" content=\"summary_large_image\" \/>\n<meta name=\"twitter:label1\" content=\"\u00c9crit par\" \/>\n\t<meta name=\"twitter:data1\" content=\"Pascal Andr\u00e9\" \/>\n\t<meta name=\"twitter:label2\" content=\"Dur\u00e9e de lecture estim\u00e9e\" \/>\n\t<meta name=\"twitter:data2\" content=\"1 minute\" \/>\n<script type=\"application\/ld+json\" class=\"yoast-schema-graph\">{\"@context\":\"https:\\\/\\\/schema.org\",\"@graph\":[{\"@type\":\"Article\",\"@id\":\"https:\\\/\\\/www.passionvttvenelles.fr\\\/index.php\\\/2017\\\/03\\\/19\\\/challenge-de-provence-xc-2-gardanne\\\/#article\",\"isPartOf\":{\"@id\":\"https:\\\/\\\/www.passionvttvenelles.fr\\\/index.php\\\/2017\\\/03\\\/19\\\/challenge-de-provence-xc-2-gardanne\\\/\"},\"author\":{\"name\":\"Pascal Andr\u00e9\",\"@id\":\"https:\\\/\\\/www.passionvttvenelles.fr\\\/#\\\/schema\\\/person\\\/f3f16c0a0292d5216b098f70d62096b7\"},\"headline\":\"Challenge de Provence XC #2 Gardanne\",\"datePublished\":\"2017-03-19T17:14:00+00:00\",\"dateModified\":\"2024-02-08T19:58:03+00:00\",\"mainEntityOfPage\":{\"@id\":\"https:\\\/\\\/www.passionvttvenelles.fr\\\/index.php\\\/2017\\\/03\\\/19\\\/challenge-de-provence-xc-2-gardanne\\\/\"},\"wordCount\":207,\"commentCount\":0,\"publisher\":{\"@id\":\"https:\\\/\\\/www.passionvttvenelles.fr\\\/#organization\"},\"image\":{\"@id\":\"https:\\\/\\\/www.passionvttvenelles.fr\\\/index.php\\\/2017\\\/03\\\/19\\\/challenge-de-provence-xc-2-gardanne\\\/#primaryimage\"},\"thumbnailUrl\":\"https:\\\/\\\/www.passionvttvenelles.fr\\\/wp-content\\\/uploads\\\/2024\\\/02\\\/58cef050b775b_P1080700.jpeg\",\"articleSection\":[\"Challenge Provence\",\"Comp\u00e9titions\"],\"inLanguage\":\"fr-FR\",\"potentialAction\":[{\"@type\":\"CommentAction\",\"name\":\"Comment\",\"target\":[\"https:\\\/\\\/www.passionvttvenelles.fr\\\/index.php\\\/2017\\\/03\\\/19\\\/challenge-de-provence-xc-2-gardanne\\\/#respond\"]}]},{\"@type\":\"WebPage\",\"@id\":\"https:\\\/\\\/www.passionvttvenelles.fr\\\/index.php\\\/2017\\\/03\\\/19\\\/challenge-de-provence-xc-2-gardanne\\\/\",\"url\":\"https:\\\/\\\/www.passionvttvenelles.fr\\\/index.php\\\/2017\\\/03\\\/19\\\/challenge-de-provence-xc-2-gardanne\\\/\",\"name\":\"Challenge de Provence XC #2 Gardanne - Passion VTT Venelles\",\"isPartOf\":{\"@id\":\"https:\\\/\\\/www.passionvttvenelles.fr\\\/#website\"},\"primaryImageOfPage\":{\"@id\":\"https:\\\/\\\/www.passionvttvenelles.fr\\\/index.php\\\/2017\\\/03\\\/19\\\/challenge-de-provence-xc-2-gardanne\\\/#primaryimage\"},\"image\":{\"@id\":\"https:\\\/\\\/www.passionvttvenelles.fr\\\/index.php\\\/2017\\\/03\\\/19\\\/challenge-de-provence-xc-2-gardanne\\\/#primaryimage\"},\"thumbnailUrl\":\"https:\\\/\\\/www.passionvttvenelles.fr\\\/wp-content\\\/uploads\\\/2024\\\/02\\\/58cef050b775b_P1080700.jpeg\",\"datePublished\":\"2017-03-19T17:14:00+00:00\",\"dateModified\":\"2024-02-08T19:58:03+00:00\",\"breadcrumb\":{\"@id\":\"https:\\\/\\\/www.passionvttvenelles.fr\\\/index.php\\\/2017\\\/03\\\/19\\\/challenge-de-provence-xc-2-gardanne\\\/#breadcrumb\"},\"inLanguage\":\"fr-FR\",\"potentialAction\":[{\"@type\":\"ReadAction\",\"target\":[\"https:\\\/\\\/www.passionvttvenelles.fr\\\/index.php\\\/2017\\\/03\\\/19\\\/challenge-de-provence-xc-2-gardanne\\\/\"]}]},{\"@type\":\"ImageObject\",\"inLanguage\":\"fr-FR\",\"@id\":\"https:\\\/\\\/www.passionvttvenelles.fr\\\/index.php\\\/2017\\\/03\\\/19\\\/challenge-de-provence-xc-2-gardanne\\\/#primaryimage\",\"url\":\"https:\\\/\\\/www.passionvttvenelles.fr\\\/wp-content\\\/uploads\\\/2024\\\/02\\\/58cef050b775b_P1080700.jpeg\",\"contentUrl\":\"https:\\\/\\\/www.passionvttvenelles.fr\\\/wp-content\\\/uploads\\\/2024\\\/02\\\/58cef050b775b_P1080700.jpeg\",\"width\":1024,\"height\":768},{\"@type\":\"BreadcrumbList\",\"@id\":\"https:\\\/\\\/www.passionvttvenelles.fr\\\/index.php\\\/2017\\\/03\\\/19\\\/challenge-de-provence-xc-2-gardanne\\\/#breadcrumb\",\"itemListElement\":[{\"@type\":\"ListItem\",\"position\":1,\"name\":\"Accueil\",\"item\":\"https:\\\/\\\/www.passionvttvenelles.fr\\\/\"},{\"@type\":\"ListItem\",\"position\":2,\"name\":\"Challenge de Provence XC #2 Gardanne\"}]},{\"@type\":\"WebSite\",\"@id\":\"https:\\\/\\\/www.passionvttvenelles.fr\\\/#website\",\"url\":\"https:\\\/\\\/www.passionvttvenelles.fr\\\/\",\"name\":\"Passion VTT Venelles\",\"description\":\"De la d\u00e9couverte au plus haut niveau\",\"publisher\":{\"@id\":\"https:\\\/\\\/www.passionvttvenelles.fr\\\/#organization\"},\"potentialAction\":[{\"@type\":\"SearchAction\",\"target\":{\"@type\":\"EntryPoint\",\"urlTemplate\":\"https:\\\/\\\/www.passionvttvenelles.fr\\\/?s={search_term_string}\"},\"query-input\":{\"@type\":\"PropertyValueSpecification\",\"valueRequired\":true,\"valueName\":\"search_term_string\"}}],\"inLanguage\":\"fr-FR\"},{\"@type\":\"Organization\",\"@id\":\"https:\\\/\\\/www.passionvttvenelles.fr\\\/#organization\",\"name\":\"Passion VTT Venelles\",\"url\":\"https:\\\/\\\/www.passionvttvenelles.fr\\\/\",\"logo\":{\"@type\":\"ImageObject\",\"inLanguage\":\"fr-FR\",\"@id\":\"https:\\\/\\\/www.passionvttvenelles.fr\\\/#\\\/schema\\\/logo\\\/image\\\/\",\"url\":\"https:\\\/\\\/www.passionvttvenelles.fr\\\/wp-content\\\/uploads\\\/2024\\\/05\\\/P-club-copie.png\",\"contentUrl\":\"https:\\\/\\\/www.passionvttvenelles.fr\\\/wp-content\\\/uploads\\\/2024\\\/05\\\/P-club-copie.png\",\"width\":700,\"height\":700,\"caption\":\"Passion VTT Venelles\"},\"image\":{\"@id\":\"https:\\\/\\\/www.passionvttvenelles.fr\\\/#\\\/schema\\\/logo\\\/image\\\/\"},\"sameAs\":[\"https:\\\/\\\/www.facebook.com\\\/passionvttvenelles\\\/\",\"https:\\\/\\\/www.instagram.com\\\/passionvttvenelles\",\"https:\\\/\\\/www.tiktok.com\\\/@passionvttvenelles\",\"https:\\\/\\\/www.youtube.com\\\/channel\\\/UCY8LWXXXy-F3c8fmwtBvw_A\"]},{\"@type\":\"Person\",\"@id\":\"https:\\\/\\\/www.passionvttvenelles.fr\\\/#\\\/schema\\\/person\\\/f3f16c0a0292d5216b098f70d62096b7\",\"name\":\"Pascal Andr\u00e9\",\"image\":{\"@type\":\"ImageObject\",\"inLanguage\":\"fr-FR\",\"@id\":\"https:\\\/\\\/secure.gravatar.com\\\/avatar\\\/ed222e79451934280bfd379d27c52de4bc726b5a4cfc2334543738b53adaf86e?s=96&d=mm&r=g\",\"url\":\"https:\\\/\\\/secure.gravatar.com\\\/avatar\\\/ed222e79451934280bfd379d27c52de4bc726b5a4cfc2334543738b53adaf86e?s=96&d=mm&r=g\",\"contentUrl\":\"https:\\\/\\\/secure.gravatar.com\\\/avatar\\\/ed222e79451934280bfd379d27c52de4bc726b5a4cfc2334543738b53adaf86e?s=96&d=mm&r=g\",\"caption\":\"Pascal Andr\u00e9\"},\"url\":\"https:\\\/\\\/www.passionvttvenelles.fr\\\/index.php\\\/author\\\/pascal\\\/\"}]}<\/script>\n<!-- \/ Yoast SEO plugin. -->","yoast_head_json":{"title":"Challenge de Provence XC #2 Gardanne - Passion VTT Venelles","robots":{"index":"index","follow":"follow","max-snippet":"max-snippet:-1","max-image-preview":"max-image-preview:large","max-video-preview":"max-video-preview:-1"},"canonical":"https:\/\/www.passionvttvenelles.fr\/index.php\/2017\/03\/19\/challenge-de-provence-xc-2-gardanne\/","og_locale":"fr_FR","og_type":"article","og_title":"Challenge de Provence XC #2 Gardanne - Passion VTT Venelles","og_description":"Premi\u00e8res grosses chaleurs sur la deuxi\u00e8me manche du challenge de Provence \u00e0&nbsp;Gardanne ce dimanche 19 mars 2017.Un parcours physique long de 6 km. 2 tours pour les cadettes, 2 tours [&hellip;]","og_url":"https:\/\/www.passionvttvenelles.fr\/index.php\/2017\/03\/19\/challenge-de-provence-xc-2-gardanne\/","og_site_name":"Passion VTT Venelles","article_publisher":"https:\/\/www.facebook.com\/passionvttvenelles\/","article_published_time":"2017-03-19T17:14:00+00:00","article_modified_time":"2024-02-08T19:58:03+00:00","og_image":[{"width":1024,"height":768,"url":"https:\/\/www.passionvttvenelles.fr\/wp-content\/uploads\/2024\/02\/58cef050b775b_P1080700.jpeg","type":"image\/jpeg"}],"author":"Pascal Andr\u00e9","twitter_card":"summary_large_image","twitter_misc":{"\u00c9crit par":"Pascal Andr\u00e9","Dur\u00e9e de lecture estim\u00e9e":"1 minute"},"schema":{"@context":"https:\/\/schema.org","@graph":[{"@type":"Article","@id":"https:\/\/www.passionvttvenelles.fr\/index.php\/2017\/03\/19\/challenge-de-provence-xc-2-gardanne\/#article","isPartOf":{"@id":"https:\/\/www.passionvttvenelles.fr\/index.php\/2017\/03\/19\/challenge-de-provence-xc-2-gardanne\/"},"author":{"name":"Pascal Andr\u00e9","@id":"https:\/\/www.passionvttvenelles.fr\/#\/schema\/person\/f3f16c0a0292d5216b098f70d62096b7"},"headline":"Challenge de Provence XC #2 Gardanne","datePublished":"2017-03-19T17:14:00+00:00","dateModified":"2024-02-08T19:58:03+00:00","mainEntityOfPage":{"@id":"https:\/\/www.passionvttvenelles.fr\/index.php\/2017\/03\/19\/challenge-de-provence-xc-2-gardanne\/"},"wordCount":207,"commentCount":0,"publisher":{"@id":"https:\/\/www.passionvttvenelles.fr\/#organization"},"image":{"@id":"https:\/\/www.passionvttvenelles.fr\/index.php\/2017\/03\/19\/challenge-de-provence-xc-2-gardanne\/#primaryimage"},"thumbnailUrl":"https:\/\/www.passionvttvenelles.fr\/wp-content\/uploads\/2024\/02\/58cef050b775b_P1080700.jpeg","articleSection":["Challenge Provence","Comp\u00e9titions"],"inLanguage":"fr-FR","potentialAction":[{"@type":"CommentAction","name":"Comment","target":["https:\/\/www.passionvttvenelles.fr\/index.php\/2017\/03\/19\/challenge-de-provence-xc-2-gardanne\/#respond"]}]},{"@type":"WebPage","@id":"https:\/\/www.passionvttvenelles.fr\/index.php\/2017\/03\/19\/challenge-de-provence-xc-2-gardanne\/","url":"https:\/\/www.passionvttvenelles.fr\/index.php\/2017\/03\/19\/challenge-de-provence-xc-2-gardanne\/","name":"Challenge de Provence XC #2 Gardanne - Passion VTT Venelles","isPartOf":{"@id":"https:\/\/www.passionvttvenelles.fr\/#website"},"primaryImageOfPage":{"@id":"https:\/\/www.passionvttvenelles.fr\/index.php\/2017\/03\/19\/challenge-de-provence-xc-2-gardanne\/#primaryimage"},"image":{"@id":"https:\/\/www.passionvttvenelles.fr\/index.php\/2017\/03\/19\/challenge-de-provence-xc-2-gardanne\/#primaryimage"},"thumbnailUrl":"https:\/\/www.passionvttvenelles.fr\/wp-content\/uploads\/2024\/02\/58cef050b775b_P1080700.jpeg","datePublished":"2017-03-19T17:14:00+00:00","dateModified":"2024-02-08T19:58:03+00:00","breadcrumb":{"@id":"https:\/\/www.passionvttvenelles.fr\/index.php\/2017\/03\/19\/challenge-de-provence-xc-2-gardanne\/#breadcrumb"},"inLanguage":"fr-FR","potentialAction":[{"@type":"ReadAction","target":["https:\/\/www.passionvttvenelles.fr\/index.php\/2017\/03\/19\/challenge-de-provence-xc-2-gardanne\/"]}]},{"@type":"ImageObject","inLanguage":"fr-FR","@id":"https:\/\/www.passionvttvenelles.fr\/index.php\/2017\/03\/19\/challenge-de-provence-xc-2-gardanne\/#primaryimage","url":"https:\/\/www.passionvttvenelles.fr\/wp-content\/uploads\/2024\/02\/58cef050b775b_P1080700.jpeg","contentUrl":"https:\/\/www.passionvttvenelles.fr\/wp-content\/uploads\/2024\/02\/58cef050b775b_P1080700.jpeg","width":1024,"height":768},{"@type":"BreadcrumbList","@id":"https:\/\/www.passionvttvenelles.fr\/index.php\/2017\/03\/19\/challenge-de-provence-xc-2-gardanne\/#breadcrumb","itemListElement":[{"@type":"ListItem","position":1,"name":"Accueil","item":"https:\/\/www.passionvttvenelles.fr\/"},{"@type":"ListItem","position":2,"name":"Challenge de Provence XC #2 Gardanne"}]},{"@type":"WebSite","@id":"https:\/\/www.passionvttvenelles.fr\/#website","url":"https:\/\/www.passionvttvenelles.fr\/","name":"Passion VTT Venelles","description":"De la d\u00e9couverte au plus haut niveau","publisher":{"@id":"https:\/\/www.passionvttvenelles.fr\/#organization"},"potentialAction":[{"@type":"SearchAction","target":{"@type":"EntryPoint","urlTemplate":"https:\/\/www.passionvttvenelles.fr\/?s={search_term_string}"},"query-input":{"@type":"PropertyValueSpecification","valueRequired":true,"valueName":"search_term_string"}}],"inLanguage":"fr-FR"},{"@type":"Organization","@id":"https:\/\/www.passionvttvenelles.fr\/#organization","name":"Passion VTT Venelles","url":"https:\/\/www.passionvttvenelles.fr\/","logo":{"@type":"ImageObject","inLanguage":"fr-FR","@id":"https:\/\/www.passionvttvenelles.fr\/#\/schema\/logo\/image\/","url":"https:\/\/www.passionvttvenelles.fr\/wp-content\/uploads\/2024\/05\/P-club-copie.png","contentUrl":"https:\/\/www.passionvttvenelles.fr\/wp-content\/uploads\/2024\/05\/P-club-copie.png","width":700,"height":700,"caption":"Passion VTT Venelles"},"image":{"@id":"https:\/\/www.passionvttvenelles.fr\/#\/schema\/logo\/image\/"},"sameAs":["https:\/\/www.facebook.com\/passionvttvenelles\/","https:\/\/www.instagram.com\/passionvttvenelles","https:\/\/www.tiktok.com\/@passionvttvenelles","https:\/\/www.youtube.com\/channel\/UCY8LWXXXy-F3c8fmwtBvw_A"]},{"@type":"Person","@id":"https:\/\/www.passionvttvenelles.fr\/#\/schema\/person\/f3f16c0a0292d5216b098f70d62096b7","name":"Pascal Andr\u00e9","image":{"@type":"ImageObject","inLanguage":"fr-FR","@id":"https:\/\/secure.gravatar.com\/avatar\/ed222e79451934280bfd379d27c52de4bc726b5a4cfc2334543738b53adaf86e?s=96&d=mm&r=g","url":"https:\/\/secure.gravatar.com\/avatar\/ed222e79451934280bfd379d27c52de4bc726b5a4cfc2334543738b53adaf86e?s=96&d=mm&r=g","contentUrl":"https:\/\/secure.gravatar.com\/avatar\/ed222e79451934280bfd379d27c52de4bc726b5a4cfc2334543738b53adaf86e?s=96&d=mm&r=g","caption":"Pascal Andr\u00e9"},"url":"https:\/\/www.passionvttvenelles.fr\/index.php\/author\/pascal\/"}]}},"_links":{"self":[{"href":"https:\/\/www.passionvttvenelles.fr\/index.php\/wp-json\/wp\/v2\/posts\/1033","targetHints":{"allow":["GET"]}}],"collection":[{"href":"https:\/\/www.passionvttvenelles.fr\/index.php\/wp-json\/wp\/v2\/posts"}],"about":[{"href":"https:\/\/www.passionvttvenelles.fr\/index.php\/wp-json\/wp\/v2\/types\/post"}],"author":[{"embeddable":true,"href":"https:\/\/www.passionvttvenelles.fr\/index.php\/wp-json\/wp\/v2\/users\/2"}],"replies":[{"embeddable":true,"href":"https:\/\/www.passionvttvenelles.fr\/index.php\/wp-json\/wp\/v2\/comments?post=1033"}],"version-history":[{"count":1,"href":"https:\/\/www.passionvttvenelles.fr\/index.php\/wp-json\/wp\/v2\/posts\/1033\/revisions"}],"predecessor-version":[{"id":1035,"href":"https:\/\/www.passionvttvenelles.fr\/index.php\/wp-json\/wp\/v2\/posts\/1033\/revisions\/1035"}],"wp:featuredmedia":[{"embeddable":true,"href":"https:\/\/www.passionvttvenelles.fr\/index.php\/wp-json\/wp\/v2\/media\/1034"}],"wp:attachment":[{"href":"https:\/\/www.passionvttvenelles.fr\/index.php\/wp-json\/wp\/v2\/media?parent=1033"}],"wp:term":[{"taxonomy":"category","embeddable":true,"href":"https:\/\/www.passionvttvenelles.fr\/index.php\/wp-json\/wp\/v2\/categories?post=1033"},{"taxonomy":"post_tag","embeddable":true,"href":"https:\/\/www.passionvttvenelles.fr\/index.php\/wp-json\/wp\/v2\/tags?post=1033"}],"curies":[{"name":"wp","href":"https:\/\/api.w.org\/{rel}","templated":true}]}}