{"id":1044,"date":"2018-05-22T18:20:00","date_gmt":"2018-05-22T16:20:00","guid":{"rendered":"https:\/\/www.passionvttvenelles.fr\/?p=1044"},"modified":"2024-02-08T20:58:54","modified_gmt":"2024-02-08T19:58:54","slug":"trjv-2018-1-sanary","status":"publish","type":"post","link":"https:\/\/www.passionvttvenelles.fr\/index.php\/2018\/05\/22\/trjv-2018-1-sanary\/","title":{"rendered":"TRJV 2018 #1 Sanary"},"content":{"rendered":"\n<p>Ce samedi 19 mai avait lieu la premi\u00e8re manche du TRJV 2018 \u00e0 Sanary.<br>Au programme XC le matin et XCE l&rsquo;apr\u00e8s-midi. Un joli trac\u00e9 sur un tr\u00e8s petit espace mais avec quelques petits passages techniques et pas mal de d\u00e9nivell\u00e9 finalement.<br><br>Le club \u00e9tait de loin le plus repr\u00e9sent\u00e9 sur cette comp\u00e9tition et les r\u00e9sultats ont \u00e9t\u00e9 au rendez-vous dans toutes les cat\u00e9gories :<br>&nbsp;&#8211; en pupilles, Zian, plutot \u00e0 l&rsquo;aise sur ce parcours exigeant, fait une super course il termine 4 au XC et fait egalement un super XCE 2, il est 4 au g\u00e9n\u00e9ral, Andrea un peu moins \u00e0 l&rsquo;aise sur ce parcours termine quand m\u00eame&nbsp;8 au XC, il ne fera pas le&nbsp;XCE,&nbsp;Valentin pas mal non plus est 14 au XC et 15 au XCE, il finit 14 au g\u00e9n\u00e9ral, Noa un peu plus loin termine 27 au XC et 28 au XCE, il est 28 au g\u00e9n\u00e9ral<br>&nbsp;&#8211; en benjamins, Killian un peu en retrait lors du XC termine 7 puis se reprend bien et gagne le XCE, il est 2 au g\u00e9n\u00e9ral, Justin \u00e0 l&rsquo;inverse fait un super cross, il termine 2, mais est pris de douleur \u00e0 l&rsquo;aine apr\u00e8s l&rsquo;arriv\u00e9e il fera quand m\u00eame le XCE et il termine 11 et 5 au g\u00e9n\u00e9ral, Dario que l&rsquo;on attendait pas sur ce type parcours fait un super XC et termine 4, il fait \u00e9galement un tr\u00e8s bon XCE 7, il est 6 au g\u00e9n\u00e9ral, Guillaume est 16 au XC puis fait un super XCE, malheureusement il rate une vitesse au d\u00e9part de sa demi-finale et termine finalement 6 alors qu&rsquo;il avait brillament remport\u00e9 toutes ses manches, il est 10 au g\u00e9n\u00e9ral, Luca est 28 au cross et 28 au XCE, 28 au g\u00e9n\u00e9ral, chez les filles, Elise arrache une belle 2\u00e8me place au cross mais elle termine 5 au XCE et 4 au g\u00e9n\u00e9ral de la journ\u00e9e<br>&nbsp;&#8211; en minimes, Alix fait une grosse course, malgr\u00e9 une place en fond de grille il remonte jusqu&rsquo;\u00e0 l&rsquo;avant de la course et l&#8217;emporte finalement, il fait 5 au XCE et il est 2 au g\u00e9n\u00e9ral, Jules fait \u00e9galement une belle course il est 4 au cross et fait un super XCE il termine 2, il est 3 au g\u00e9n\u00e9ral, Alexis fait un bon cross 9 et un bon XCE 8 il est 8 au g\u00e9n\u00e9ral, Paul un tr\u00e8s bon cross 7 et un XCE correct 12, il est 9 au g\u00e9n\u00e9ral, enfin Athys victime d&rsquo;une crevaison au d\u00e9but du cross alors qu&rsquo;il etait en t\u00eate termine finalement 15 mais ce n&rsquo;\u00e9tait d\u00e9cid\u00e9ment pas sa journ\u00e9e et il est disqualifi\u00e9 au XCE pour un d\u00e9part jug\u00e9 illicite d\u00e9s la deuxi\u00e8me manche, il termine finalement 18 au g\u00e9n\u00e9ral<br>&nbsp;&#8211; en cadets, le club r\u00e9alise le tripl\u00e9 en cross, Axel et Adrien 1 et 2 main dans la main et Romain 3 auteur d&rsquo;une super remont\u00e9e, Vincent 5 et Tom 8 compl\u00e8te ce superbe r\u00e9sultat d&rsquo;ensemble, au XCE cette fois c&rsquo;est Romain qui l&#8217;emporte, Tom est 2, Vincent 4, Axel 5 et Adrien 6, au g\u00e9n\u00e9ral Romain l&#8217;emporte devant Axel et Adrien, Tom est 4 et Vincent 6<br><br>A noter egalement l&rsquo;\u00e9crasante victoire du club au troph\u00e9e des clubs pour la journ\u00e9e.<\/p>\n\n\n\n<p>Les photos de Anne sur le facebook du Club <a href=\"https:\/\/www.facebook.com\/media\/set\/?set=a.1819208338375537.1073741849.1643564229273283&amp;type=1&amp;l=89fbf6a4c1\">ici<\/a>.&nbsp;<br>Les r\u00e9sultats complets du XC, du XCE et le g\u00e9n\u00e9ral de la journ\u00e9e <a href=\"https:\/\/admin.sportsregions.fr\/media\/uploaded\/sites\/11393\/kcupload\/files\/SAN%20NARI%20KID%202018_Classements.pdf\">ici<\/a>.<br>Prochaine manche du TRJV la semaine prochaine \u00e0 Marseille avec \u00e0 nouveau un XC le matin et un XCE l&rsquo;apr\u00e8s-midi.<\/p>\n","protected":false},"excerpt":{"rendered":"<p>Ce samedi 19 mai avait lieu la premi\u00e8re manche du TRJV 2018 \u00e0 Sanary.Au programme XC le matin et XCE l&rsquo;apr\u00e8s-midi. Un joli trac\u00e9 sur un tr\u00e8s petit espace mais [&hellip;]<\/p>\n","protected":false},"author":2,"featured_media":1045,"comment_status":"open","ping_status":"open","sticky":false,"template":"","format":"standard","meta":{"saved_in_kubio":false,"footnotes":""},"categories":[22,30],"tags":[],"class_list":["post-1044","post","type-post","status-publish","format-standard","has-post-thumbnail","hentry","category-competitions","category-trjv"],"yoast_head":"<!-- This site is optimized with the Yoast SEO plugin v27.4 - https:\/\/yoast.com\/product\/yoast-seo-wordpress\/ -->\n<title>TRJV 2018 #1 Sanary - Passion VTT Venelles<\/title>\n<meta name=\"robots\" content=\"index, follow, max-snippet:-1, max-image-preview:large, max-video-preview:-1\" \/>\n<link rel=\"canonical\" href=\"https:\/\/www.passionvttvenelles.fr\/index.php\/2018\/05\/22\/trjv-2018-1-sanary\/\" \/>\n<meta property=\"og:locale\" content=\"fr_FR\" \/>\n<meta property=\"og:type\" content=\"article\" \/>\n<meta property=\"og:title\" content=\"TRJV 2018 #1 Sanary - Passion VTT Venelles\" \/>\n<meta property=\"og:description\" content=\"Ce samedi 19 mai avait lieu la premi\u00e8re manche du TRJV 2018 \u00e0 Sanary.Au programme XC le matin et XCE l&rsquo;apr\u00e8s-midi. Un joli trac\u00e9 sur un tr\u00e8s petit espace mais [&hellip;]\" \/>\n<meta property=\"og:url\" content=\"https:\/\/www.passionvttvenelles.fr\/index.php\/2018\/05\/22\/trjv-2018-1-sanary\/\" \/>\n<meta property=\"og:site_name\" content=\"Passion VTT Venelles\" \/>\n<meta property=\"article:publisher\" content=\"https:\/\/www.facebook.com\/passionvttvenelles\/\" \/>\n<meta property=\"article:published_time\" content=\"2018-05-22T16:20:00+00:00\" \/>\n<meta property=\"article:modified_time\" content=\"2024-02-08T19:58:54+00:00\" \/>\n<meta property=\"og:image\" content=\"https:\/\/www.passionvttvenelles.fr\/wp-content\/uploads\/2024\/02\/5b03d6e3dca83_Podiumcadets2.jpg\" \/>\n\t<meta property=\"og:image:width\" content=\"1024\" \/>\n\t<meta property=\"og:image:height\" content=\"626\" \/>\n\t<meta property=\"og:image:type\" content=\"image\/jpeg\" \/>\n<meta name=\"author\" content=\"Pascal Andr\u00e9\" \/>\n<meta name=\"twitter:card\" content=\"summary_large_image\" \/>\n<meta name=\"twitter:label1\" content=\"\u00c9crit par\" \/>\n\t<meta name=\"twitter:data1\" content=\"Pascal Andr\u00e9\" \/>\n\t<meta name=\"twitter:label2\" content=\"Dur\u00e9e de lecture estim\u00e9e\" \/>\n\t<meta name=\"twitter:data2\" content=\"3 minutes\" \/>\n<script type=\"application\/ld+json\" class=\"yoast-schema-graph\">{\"@context\":\"https:\\\/\\\/schema.org\",\"@graph\":[{\"@type\":\"Article\",\"@id\":\"https:\\\/\\\/www.passionvttvenelles.fr\\\/index.php\\\/2018\\\/05\\\/22\\\/trjv-2018-1-sanary\\\/#article\",\"isPartOf\":{\"@id\":\"https:\\\/\\\/www.passionvttvenelles.fr\\\/index.php\\\/2018\\\/05\\\/22\\\/trjv-2018-1-sanary\\\/\"},\"author\":{\"name\":\"Pascal Andr\u00e9\",\"@id\":\"https:\\\/\\\/www.passionvttvenelles.fr\\\/#\\\/schema\\\/person\\\/f3f16c0a0292d5216b098f70d62096b7\"},\"headline\":\"TRJV 2018 #1 Sanary\",\"datePublished\":\"2018-05-22T16:20:00+00:00\",\"dateModified\":\"2024-02-08T19:58:54+00:00\",\"mainEntityOfPage\":{\"@id\":\"https:\\\/\\\/www.passionvttvenelles.fr\\\/index.php\\\/2018\\\/05\\\/22\\\/trjv-2018-1-sanary\\\/\"},\"wordCount\":614,\"commentCount\":0,\"publisher\":{\"@id\":\"https:\\\/\\\/www.passionvttvenelles.fr\\\/#organization\"},\"image\":{\"@id\":\"https:\\\/\\\/www.passionvttvenelles.fr\\\/index.php\\\/2018\\\/05\\\/22\\\/trjv-2018-1-sanary\\\/#primaryimage\"},\"thumbnailUrl\":\"https:\\\/\\\/www.passionvttvenelles.fr\\\/wp-content\\\/uploads\\\/2024\\\/02\\\/5b03d6e3dca83_Podiumcadets2.jpg\",\"articleSection\":[\"Comp\u00e9titions\",\"TRJV\"],\"inLanguage\":\"fr-FR\",\"potentialAction\":[{\"@type\":\"CommentAction\",\"name\":\"Comment\",\"target\":[\"https:\\\/\\\/www.passionvttvenelles.fr\\\/index.php\\\/2018\\\/05\\\/22\\\/trjv-2018-1-sanary\\\/#respond\"]}]},{\"@type\":\"WebPage\",\"@id\":\"https:\\\/\\\/www.passionvttvenelles.fr\\\/index.php\\\/2018\\\/05\\\/22\\\/trjv-2018-1-sanary\\\/\",\"url\":\"https:\\\/\\\/www.passionvttvenelles.fr\\\/index.php\\\/2018\\\/05\\\/22\\\/trjv-2018-1-sanary\\\/\",\"name\":\"TRJV 2018 #1 Sanary - Passion VTT Venelles\",\"isPartOf\":{\"@id\":\"https:\\\/\\\/www.passionvttvenelles.fr\\\/#website\"},\"primaryImageOfPage\":{\"@id\":\"https:\\\/\\\/www.passionvttvenelles.fr\\\/index.php\\\/2018\\\/05\\\/22\\\/trjv-2018-1-sanary\\\/#primaryimage\"},\"image\":{\"@id\":\"https:\\\/\\\/www.passionvttvenelles.fr\\\/index.php\\\/2018\\\/05\\\/22\\\/trjv-2018-1-sanary\\\/#primaryimage\"},\"thumbnailUrl\":\"https:\\\/\\\/www.passionvttvenelles.fr\\\/wp-content\\\/uploads\\\/2024\\\/02\\\/5b03d6e3dca83_Podiumcadets2.jpg\",\"datePublished\":\"2018-05-22T16:20:00+00:00\",\"dateModified\":\"2024-02-08T19:58:54+00:00\",\"breadcrumb\":{\"@id\":\"https:\\\/\\\/www.passionvttvenelles.fr\\\/index.php\\\/2018\\\/05\\\/22\\\/trjv-2018-1-sanary\\\/#breadcrumb\"},\"inLanguage\":\"fr-FR\",\"potentialAction\":[{\"@type\":\"ReadAction\",\"target\":[\"https:\\\/\\\/www.passionvttvenelles.fr\\\/index.php\\\/2018\\\/05\\\/22\\\/trjv-2018-1-sanary\\\/\"]}]},{\"@type\":\"ImageObject\",\"inLanguage\":\"fr-FR\",\"@id\":\"https:\\\/\\\/www.passionvttvenelles.fr\\\/index.php\\\/2018\\\/05\\\/22\\\/trjv-2018-1-sanary\\\/#primaryimage\",\"url\":\"https:\\\/\\\/www.passionvttvenelles.fr\\\/wp-content\\\/uploads\\\/2024\\\/02\\\/5b03d6e3dca83_Podiumcadets2.jpg\",\"contentUrl\":\"https:\\\/\\\/www.passionvttvenelles.fr\\\/wp-content\\\/uploads\\\/2024\\\/02\\\/5b03d6e3dca83_Podiumcadets2.jpg\",\"width\":1024,\"height\":626},{\"@type\":\"BreadcrumbList\",\"@id\":\"https:\\\/\\\/www.passionvttvenelles.fr\\\/index.php\\\/2018\\\/05\\\/22\\\/trjv-2018-1-sanary\\\/#breadcrumb\",\"itemListElement\":[{\"@type\":\"ListItem\",\"position\":1,\"name\":\"Accueil\",\"item\":\"https:\\\/\\\/www.passionvttvenelles.fr\\\/\"},{\"@type\":\"ListItem\",\"position\":2,\"name\":\"TRJV 2018 #1 Sanary\"}]},{\"@type\":\"WebSite\",\"@id\":\"https:\\\/\\\/www.passionvttvenelles.fr\\\/#website\",\"url\":\"https:\\\/\\\/www.passionvttvenelles.fr\\\/\",\"name\":\"Passion VTT Venelles\",\"description\":\"De la d\u00e9couverte au plus haut niveau\",\"publisher\":{\"@id\":\"https:\\\/\\\/www.passionvttvenelles.fr\\\/#organization\"},\"potentialAction\":[{\"@type\":\"SearchAction\",\"target\":{\"@type\":\"EntryPoint\",\"urlTemplate\":\"https:\\\/\\\/www.passionvttvenelles.fr\\\/?s={search_term_string}\"},\"query-input\":{\"@type\":\"PropertyValueSpecification\",\"valueRequired\":true,\"valueName\":\"search_term_string\"}}],\"inLanguage\":\"fr-FR\"},{\"@type\":\"Organization\",\"@id\":\"https:\\\/\\\/www.passionvttvenelles.fr\\\/#organization\",\"name\":\"Passion VTT Venelles\",\"url\":\"https:\\\/\\\/www.passionvttvenelles.fr\\\/\",\"logo\":{\"@type\":\"ImageObject\",\"inLanguage\":\"fr-FR\",\"@id\":\"https:\\\/\\\/www.passionvttvenelles.fr\\\/#\\\/schema\\\/logo\\\/image\\\/\",\"url\":\"https:\\\/\\\/www.passionvttvenelles.fr\\\/wp-content\\\/uploads\\\/2024\\\/05\\\/P-club-copie.png\",\"contentUrl\":\"https:\\\/\\\/www.passionvttvenelles.fr\\\/wp-content\\\/uploads\\\/2024\\\/05\\\/P-club-copie.png\",\"width\":700,\"height\":700,\"caption\":\"Passion VTT Venelles\"},\"image\":{\"@id\":\"https:\\\/\\\/www.passionvttvenelles.fr\\\/#\\\/schema\\\/logo\\\/image\\\/\"},\"sameAs\":[\"https:\\\/\\\/www.facebook.com\\\/passionvttvenelles\\\/\",\"https:\\\/\\\/www.instagram.com\\\/passionvttvenelles\",\"https:\\\/\\\/www.tiktok.com\\\/@passionvttvenelles\",\"https:\\\/\\\/www.youtube.com\\\/channel\\\/UCY8LWXXXy-F3c8fmwtBvw_A\"]},{\"@type\":\"Person\",\"@id\":\"https:\\\/\\\/www.passionvttvenelles.fr\\\/#\\\/schema\\\/person\\\/f3f16c0a0292d5216b098f70d62096b7\",\"name\":\"Pascal Andr\u00e9\",\"image\":{\"@type\":\"ImageObject\",\"inLanguage\":\"fr-FR\",\"@id\":\"https:\\\/\\\/secure.gravatar.com\\\/avatar\\\/ed222e79451934280bfd379d27c52de4bc726b5a4cfc2334543738b53adaf86e?s=96&d=mm&r=g\",\"url\":\"https:\\\/\\\/secure.gravatar.com\\\/avatar\\\/ed222e79451934280bfd379d27c52de4bc726b5a4cfc2334543738b53adaf86e?s=96&d=mm&r=g\",\"contentUrl\":\"https:\\\/\\\/secure.gravatar.com\\\/avatar\\\/ed222e79451934280bfd379d27c52de4bc726b5a4cfc2334543738b53adaf86e?s=96&d=mm&r=g\",\"caption\":\"Pascal Andr\u00e9\"},\"url\":\"https:\\\/\\\/www.passionvttvenelles.fr\\\/index.php\\\/author\\\/pascal\\\/\"}]}<\/script>\n<!-- \/ Yoast SEO plugin. -->","yoast_head_json":{"title":"TRJV 2018 #1 Sanary - Passion VTT Venelles","robots":{"index":"index","follow":"follow","max-snippet":"max-snippet:-1","max-image-preview":"max-image-preview:large","max-video-preview":"max-video-preview:-1"},"canonical":"https:\/\/www.passionvttvenelles.fr\/index.php\/2018\/05\/22\/trjv-2018-1-sanary\/","og_locale":"fr_FR","og_type":"article","og_title":"TRJV 2018 #1 Sanary - Passion VTT Venelles","og_description":"Ce samedi 19 mai avait lieu la premi\u00e8re manche du TRJV 2018 \u00e0 Sanary.Au programme XC le matin et XCE l&rsquo;apr\u00e8s-midi. Un joli trac\u00e9 sur un tr\u00e8s petit espace mais [&hellip;]","og_url":"https:\/\/www.passionvttvenelles.fr\/index.php\/2018\/05\/22\/trjv-2018-1-sanary\/","og_site_name":"Passion VTT Venelles","article_publisher":"https:\/\/www.facebook.com\/passionvttvenelles\/","article_published_time":"2018-05-22T16:20:00+00:00","article_modified_time":"2024-02-08T19:58:54+00:00","og_image":[{"width":1024,"height":626,"url":"https:\/\/www.passionvttvenelles.fr\/wp-content\/uploads\/2024\/02\/5b03d6e3dca83_Podiumcadets2.jpg","type":"image\/jpeg"}],"author":"Pascal Andr\u00e9","twitter_card":"summary_large_image","twitter_misc":{"\u00c9crit par":"Pascal Andr\u00e9","Dur\u00e9e de lecture estim\u00e9e":"3 minutes"},"schema":{"@context":"https:\/\/schema.org","@graph":[{"@type":"Article","@id":"https:\/\/www.passionvttvenelles.fr\/index.php\/2018\/05\/22\/trjv-2018-1-sanary\/#article","isPartOf":{"@id":"https:\/\/www.passionvttvenelles.fr\/index.php\/2018\/05\/22\/trjv-2018-1-sanary\/"},"author":{"name":"Pascal Andr\u00e9","@id":"https:\/\/www.passionvttvenelles.fr\/#\/schema\/person\/f3f16c0a0292d5216b098f70d62096b7"},"headline":"TRJV 2018 #1 Sanary","datePublished":"2018-05-22T16:20:00+00:00","dateModified":"2024-02-08T19:58:54+00:00","mainEntityOfPage":{"@id":"https:\/\/www.passionvttvenelles.fr\/index.php\/2018\/05\/22\/trjv-2018-1-sanary\/"},"wordCount":614,"commentCount":0,"publisher":{"@id":"https:\/\/www.passionvttvenelles.fr\/#organization"},"image":{"@id":"https:\/\/www.passionvttvenelles.fr\/index.php\/2018\/05\/22\/trjv-2018-1-sanary\/#primaryimage"},"thumbnailUrl":"https:\/\/www.passionvttvenelles.fr\/wp-content\/uploads\/2024\/02\/5b03d6e3dca83_Podiumcadets2.jpg","articleSection":["Comp\u00e9titions","TRJV"],"inLanguage":"fr-FR","potentialAction":[{"@type":"CommentAction","name":"Comment","target":["https:\/\/www.passionvttvenelles.fr\/index.php\/2018\/05\/22\/trjv-2018-1-sanary\/#respond"]}]},{"@type":"WebPage","@id":"https:\/\/www.passionvttvenelles.fr\/index.php\/2018\/05\/22\/trjv-2018-1-sanary\/","url":"https:\/\/www.passionvttvenelles.fr\/index.php\/2018\/05\/22\/trjv-2018-1-sanary\/","name":"TRJV 2018 #1 Sanary - Passion VTT Venelles","isPartOf":{"@id":"https:\/\/www.passionvttvenelles.fr\/#website"},"primaryImageOfPage":{"@id":"https:\/\/www.passionvttvenelles.fr\/index.php\/2018\/05\/22\/trjv-2018-1-sanary\/#primaryimage"},"image":{"@id":"https:\/\/www.passionvttvenelles.fr\/index.php\/2018\/05\/22\/trjv-2018-1-sanary\/#primaryimage"},"thumbnailUrl":"https:\/\/www.passionvttvenelles.fr\/wp-content\/uploads\/2024\/02\/5b03d6e3dca83_Podiumcadets2.jpg","datePublished":"2018-05-22T16:20:00+00:00","dateModified":"2024-02-08T19:58:54+00:00","breadcrumb":{"@id":"https:\/\/www.passionvttvenelles.fr\/index.php\/2018\/05\/22\/trjv-2018-1-sanary\/#breadcrumb"},"inLanguage":"fr-FR","potentialAction":[{"@type":"ReadAction","target":["https:\/\/www.passionvttvenelles.fr\/index.php\/2018\/05\/22\/trjv-2018-1-sanary\/"]}]},{"@type":"ImageObject","inLanguage":"fr-FR","@id":"https:\/\/www.passionvttvenelles.fr\/index.php\/2018\/05\/22\/trjv-2018-1-sanary\/#primaryimage","url":"https:\/\/www.passionvttvenelles.fr\/wp-content\/uploads\/2024\/02\/5b03d6e3dca83_Podiumcadets2.jpg","contentUrl":"https:\/\/www.passionvttvenelles.fr\/wp-content\/uploads\/2024\/02\/5b03d6e3dca83_Podiumcadets2.jpg","width":1024,"height":626},{"@type":"BreadcrumbList","@id":"https:\/\/www.passionvttvenelles.fr\/index.php\/2018\/05\/22\/trjv-2018-1-sanary\/#breadcrumb","itemListElement":[{"@type":"ListItem","position":1,"name":"Accueil","item":"https:\/\/www.passionvttvenelles.fr\/"},{"@type":"ListItem","position":2,"name":"TRJV 2018 #1 Sanary"}]},{"@type":"WebSite","@id":"https:\/\/www.passionvttvenelles.fr\/#website","url":"https:\/\/www.passionvttvenelles.fr\/","name":"Passion VTT Venelles","description":"De la d\u00e9couverte au plus haut niveau","publisher":{"@id":"https:\/\/www.passionvttvenelles.fr\/#organization"},"potentialAction":[{"@type":"SearchAction","target":{"@type":"EntryPoint","urlTemplate":"https:\/\/www.passionvttvenelles.fr\/?s={search_term_string}"},"query-input":{"@type":"PropertyValueSpecification","valueRequired":true,"valueName":"search_term_string"}}],"inLanguage":"fr-FR"},{"@type":"Organization","@id":"https:\/\/www.passionvttvenelles.fr\/#organization","name":"Passion VTT Venelles","url":"https:\/\/www.passionvttvenelles.fr\/","logo":{"@type":"ImageObject","inLanguage":"fr-FR","@id":"https:\/\/www.passionvttvenelles.fr\/#\/schema\/logo\/image\/","url":"https:\/\/www.passionvttvenelles.fr\/wp-content\/uploads\/2024\/05\/P-club-copie.png","contentUrl":"https:\/\/www.passionvttvenelles.fr\/wp-content\/uploads\/2024\/05\/P-club-copie.png","width":700,"height":700,"caption":"Passion VTT Venelles"},"image":{"@id":"https:\/\/www.passionvttvenelles.fr\/#\/schema\/logo\/image\/"},"sameAs":["https:\/\/www.facebook.com\/passionvttvenelles\/","https:\/\/www.instagram.com\/passionvttvenelles","https:\/\/www.tiktok.com\/@passionvttvenelles","https:\/\/www.youtube.com\/channel\/UCY8LWXXXy-F3c8fmwtBvw_A"]},{"@type":"Person","@id":"https:\/\/www.passionvttvenelles.fr\/#\/schema\/person\/f3f16c0a0292d5216b098f70d62096b7","name":"Pascal Andr\u00e9","image":{"@type":"ImageObject","inLanguage":"fr-FR","@id":"https:\/\/secure.gravatar.com\/avatar\/ed222e79451934280bfd379d27c52de4bc726b5a4cfc2334543738b53adaf86e?s=96&d=mm&r=g","url":"https:\/\/secure.gravatar.com\/avatar\/ed222e79451934280bfd379d27c52de4bc726b5a4cfc2334543738b53adaf86e?s=96&d=mm&r=g","contentUrl":"https:\/\/secure.gravatar.com\/avatar\/ed222e79451934280bfd379d27c52de4bc726b5a4cfc2334543738b53adaf86e?s=96&d=mm&r=g","caption":"Pascal Andr\u00e9"},"url":"https:\/\/www.passionvttvenelles.fr\/index.php\/author\/pascal\/"}]}},"_links":{"self":[{"href":"https:\/\/www.passionvttvenelles.fr\/index.php\/wp-json\/wp\/v2\/posts\/1044","targetHints":{"allow":["GET"]}}],"collection":[{"href":"https:\/\/www.passionvttvenelles.fr\/index.php\/wp-json\/wp\/v2\/posts"}],"about":[{"href":"https:\/\/www.passionvttvenelles.fr\/index.php\/wp-json\/wp\/v2\/types\/post"}],"author":[{"embeddable":true,"href":"https:\/\/www.passionvttvenelles.fr\/index.php\/wp-json\/wp\/v2\/users\/2"}],"replies":[{"embeddable":true,"href":"https:\/\/www.passionvttvenelles.fr\/index.php\/wp-json\/wp\/v2\/comments?post=1044"}],"version-history":[{"count":1,"href":"https:\/\/www.passionvttvenelles.fr\/index.php\/wp-json\/wp\/v2\/posts\/1044\/revisions"}],"predecessor-version":[{"id":1046,"href":"https:\/\/www.passionvttvenelles.fr\/index.php\/wp-json\/wp\/v2\/posts\/1044\/revisions\/1046"}],"wp:featuredmedia":[{"embeddable":true,"href":"https:\/\/www.passionvttvenelles.fr\/index.php\/wp-json\/wp\/v2\/media\/1045"}],"wp:attachment":[{"href":"https:\/\/www.passionvttvenelles.fr\/index.php\/wp-json\/wp\/v2\/media?parent=1044"}],"wp:term":[{"taxonomy":"category","embeddable":true,"href":"https:\/\/www.passionvttvenelles.fr\/index.php\/wp-json\/wp\/v2\/categories?post=1044"},{"taxonomy":"post_tag","embeddable":true,"href":"https:\/\/www.passionvttvenelles.fr\/index.php\/wp-json\/wp\/v2\/tags?post=1044"}],"curies":[{"name":"wp","href":"https:\/\/api.w.org\/{rel}","templated":true}]}}