{"id":1050,"date":"2017-06-12T18:27:00","date_gmt":"2017-06-12T16:27:00","guid":{"rendered":"https:\/\/www.passionvttvenelles.fr\/?p=1050"},"modified":"2024-02-08T20:58:55","modified_gmt":"2024-02-08T19:58:55","slug":"trjv-2017-4-xco-tourves","status":"publish","type":"post","link":"https:\/\/www.passionvttvenelles.fr\/index.php\/2017\/06\/12\/trjv-2017-4-xco-tourves\/","title":{"rendered":"TRJV 2017 #4 XCO Tourves"},"content":{"rendered":"\n<p>4\u00e8me manche du TRJV 2017 \u00e0 Tourves avec la premi\u00e8re \u00e9preuve de cros-country de la saison sur le site de Florian Lamana organis\u00e9 par Marseille VT Passion.<br>Un soleil de plomb et une course en effectifs r\u00e9duits comme trop souvent cette ann\u00e9e sur le TRJV.<\/p>\n\n\n\n<p>Les venellois se sont \u00e0 nouveau illustr\u00e9s sur cette manche, en tout cas dans les cat\u00e9gories o\u00f9 ils \u00e9taient pr\u00e9sents :<br>&nbsp;&#8211; en cadets, Vincent \u00e9tait venu \u00ab\u00a0en touriste\u00a0\u00bb, n&rsquo;ayant particip\u00e9 \u00e0 aucune des autres manches, il termine 4 et ne peut que regretter de ne pas \u00eatre venu sur les autres &#8230;<br>&nbsp;&#8211; en minimes, Axel signe une nouvelle victoire en cross cette ann\u00e9e, Jules termine 8 et marque de pr\u00e9cieux points en vu de la s\u00e9lection, Mathieu termine 19 et Adrien pr\u00e9f\u00e8re abandonner pour ne pas entammer la consolidation de son poignet il marque ainsi quelques points suppl\u00e9mentaires et reste en t\u00eate du classement pour la s\u00e9lection au TF.<br>&nbsp;&#8211; en benjamins, Alix, malgr\u00e9 un deuxi\u00e8me tour sur une seule vitesse et quelques portions du circuit \u00e0 pieds termine premier devant Alexis, Paul et Killian (un nouveau quadrupl\u00e9 du club dans cette cat\u00e9gorie), Dario apr\u00e8s une chute dans le premier tour abandonne et compromet ainsi un peu ses chances de participation au TF<\/p>\n\n\n\n<p>Les r\u00e9sultats complets de la manche <a href=\"https:\/\/admin.sportsregions.fr\/media\/uploaded\/sites\/11393\/kcupload\/files\/TRJV4%20XC%20-%20Tourves%20-%20J.pdf\">ici<\/a> et le g\u00e9n\u00e9ral provisoire (avant la derni\u00e8re manche et la suppression des jokers) sur le site de la FFC Provence <a href=\"https:\/\/www.ffcprovence.com\/Resultats%202017\/VTT%20Jeunes\/TRJV%20General.pdf\">ici<\/a>.<br>Les photos de Anne sur le facebook du club <a href=\"https:\/\/www.facebook.com\/media\/set\/?set=a.1694423460854026.1073741828.1643564229273283&amp;type=1&amp;l=cac0501d0b\">ici<\/a>.<br>Rendez-vous maintenant pour la finale et l&rsquo;annonce officielle de la s\u00e9lection de la Provence pour le TFJV 2017 \u00e0 Morzine le 9 juillet \u00e0 Super-Devoluy.<\/p>\n","protected":false},"excerpt":{"rendered":"<p>4\u00e8me manche du TRJV 2017 \u00e0 Tourves avec la premi\u00e8re \u00e9preuve de cros-country de la saison sur le site de Florian Lamana organis\u00e9 par Marseille VT Passion.Un soleil de plomb [&hellip;]<\/p>\n","protected":false},"author":2,"featured_media":1051,"comment_status":"open","ping_status":"open","sticky":false,"template":"","format":"standard","meta":{"saved_in_kubio":false,"footnotes":""},"categories":[22,30],"tags":[],"class_list":["post-1050","post","type-post","status-publish","format-standard","has-post-thumbnail","hentry","category-competitions","category-trjv"],"yoast_head":"<!-- This site is optimized with the Yoast SEO plugin v27.4 - https:\/\/yoast.com\/product\/yoast-seo-wordpress\/ -->\n<title>TRJV 2017 #4 XCO Tourves - Passion VTT Venelles<\/title>\n<meta name=\"robots\" content=\"index, follow, max-snippet:-1, max-image-preview:large, max-video-preview:-1\" \/>\n<link rel=\"canonical\" href=\"https:\/\/www.passionvttvenelles.fr\/index.php\/2017\/06\/12\/trjv-2017-4-xco-tourves\/\" \/>\n<meta property=\"og:locale\" content=\"fr_FR\" \/>\n<meta property=\"og:type\" content=\"article\" \/>\n<meta property=\"og:title\" content=\"TRJV 2017 #4 XCO Tourves - Passion VTT Venelles\" \/>\n<meta property=\"og:description\" content=\"4\u00e8me manche du TRJV 2017 \u00e0 Tourves avec la premi\u00e8re \u00e9preuve de cros-country de la saison sur le site de Florian Lamana organis\u00e9 par Marseille VT Passion.Un soleil de plomb [&hellip;]\" \/>\n<meta property=\"og:url\" content=\"https:\/\/www.passionvttvenelles.fr\/index.php\/2017\/06\/12\/trjv-2017-4-xco-tourves\/\" \/>\n<meta property=\"og:site_name\" content=\"Passion VTT Venelles\" \/>\n<meta property=\"article:publisher\" content=\"https:\/\/www.facebook.com\/passionvttvenelles\/\" \/>\n<meta property=\"article:published_time\" content=\"2017-06-12T16:27:00+00:00\" \/>\n<meta property=\"article:modified_time\" content=\"2024-02-08T19:58:55+00:00\" \/>\n<meta property=\"og:image\" content=\"https:\/\/www.passionvttvenelles.fr\/wp-content\/uploads\/2024\/02\/593eb5f147b77_P1100967.jpeg\" \/>\n\t<meta property=\"og:image:width\" content=\"1024\" \/>\n\t<meta property=\"og:image:height\" content=\"768\" \/>\n\t<meta property=\"og:image:type\" content=\"image\/jpeg\" \/>\n<meta name=\"author\" content=\"Pascal Andr\u00e9\" \/>\n<meta name=\"twitter:card\" content=\"summary_large_image\" \/>\n<meta name=\"twitter:label1\" content=\"\u00c9crit par\" \/>\n\t<meta name=\"twitter:data1\" content=\"Pascal Andr\u00e9\" \/>\n\t<meta name=\"twitter:label2\" content=\"Dur\u00e9e de lecture estim\u00e9e\" \/>\n\t<meta name=\"twitter:data2\" content=\"1 minute\" \/>\n<script type=\"application\/ld+json\" class=\"yoast-schema-graph\">{\"@context\":\"https:\\\/\\\/schema.org\",\"@graph\":[{\"@type\":\"Article\",\"@id\":\"https:\\\/\\\/www.passionvttvenelles.fr\\\/index.php\\\/2017\\\/06\\\/12\\\/trjv-2017-4-xco-tourves\\\/#article\",\"isPartOf\":{\"@id\":\"https:\\\/\\\/www.passionvttvenelles.fr\\\/index.php\\\/2017\\\/06\\\/12\\\/trjv-2017-4-xco-tourves\\\/\"},\"author\":{\"name\":\"Pascal Andr\u00e9\",\"@id\":\"https:\\\/\\\/www.passionvttvenelles.fr\\\/#\\\/schema\\\/person\\\/f3f16c0a0292d5216b098f70d62096b7\"},\"headline\":\"TRJV 2017 #4 XCO Tourves\",\"datePublished\":\"2017-06-12T16:27:00+00:00\",\"dateModified\":\"2024-02-08T19:58:55+00:00\",\"mainEntityOfPage\":{\"@id\":\"https:\\\/\\\/www.passionvttvenelles.fr\\\/index.php\\\/2017\\\/06\\\/12\\\/trjv-2017-4-xco-tourves\\\/\"},\"wordCount\":289,\"commentCount\":0,\"publisher\":{\"@id\":\"https:\\\/\\\/www.passionvttvenelles.fr\\\/#organization\"},\"image\":{\"@id\":\"https:\\\/\\\/www.passionvttvenelles.fr\\\/index.php\\\/2017\\\/06\\\/12\\\/trjv-2017-4-xco-tourves\\\/#primaryimage\"},\"thumbnailUrl\":\"https:\\\/\\\/www.passionvttvenelles.fr\\\/wp-content\\\/uploads\\\/2024\\\/02\\\/593eb5f147b77_P1100967.jpeg\",\"articleSection\":[\"Comp\u00e9titions\",\"TRJV\"],\"inLanguage\":\"fr-FR\",\"potentialAction\":[{\"@type\":\"CommentAction\",\"name\":\"Comment\",\"target\":[\"https:\\\/\\\/www.passionvttvenelles.fr\\\/index.php\\\/2017\\\/06\\\/12\\\/trjv-2017-4-xco-tourves\\\/#respond\"]}]},{\"@type\":\"WebPage\",\"@id\":\"https:\\\/\\\/www.passionvttvenelles.fr\\\/index.php\\\/2017\\\/06\\\/12\\\/trjv-2017-4-xco-tourves\\\/\",\"url\":\"https:\\\/\\\/www.passionvttvenelles.fr\\\/index.php\\\/2017\\\/06\\\/12\\\/trjv-2017-4-xco-tourves\\\/\",\"name\":\"TRJV 2017 #4 XCO Tourves - Passion VTT Venelles\",\"isPartOf\":{\"@id\":\"https:\\\/\\\/www.passionvttvenelles.fr\\\/#website\"},\"primaryImageOfPage\":{\"@id\":\"https:\\\/\\\/www.passionvttvenelles.fr\\\/index.php\\\/2017\\\/06\\\/12\\\/trjv-2017-4-xco-tourves\\\/#primaryimage\"},\"image\":{\"@id\":\"https:\\\/\\\/www.passionvttvenelles.fr\\\/index.php\\\/2017\\\/06\\\/12\\\/trjv-2017-4-xco-tourves\\\/#primaryimage\"},\"thumbnailUrl\":\"https:\\\/\\\/www.passionvttvenelles.fr\\\/wp-content\\\/uploads\\\/2024\\\/02\\\/593eb5f147b77_P1100967.jpeg\",\"datePublished\":\"2017-06-12T16:27:00+00:00\",\"dateModified\":\"2024-02-08T19:58:55+00:00\",\"breadcrumb\":{\"@id\":\"https:\\\/\\\/www.passionvttvenelles.fr\\\/index.php\\\/2017\\\/06\\\/12\\\/trjv-2017-4-xco-tourves\\\/#breadcrumb\"},\"inLanguage\":\"fr-FR\",\"potentialAction\":[{\"@type\":\"ReadAction\",\"target\":[\"https:\\\/\\\/www.passionvttvenelles.fr\\\/index.php\\\/2017\\\/06\\\/12\\\/trjv-2017-4-xco-tourves\\\/\"]}]},{\"@type\":\"ImageObject\",\"inLanguage\":\"fr-FR\",\"@id\":\"https:\\\/\\\/www.passionvttvenelles.fr\\\/index.php\\\/2017\\\/06\\\/12\\\/trjv-2017-4-xco-tourves\\\/#primaryimage\",\"url\":\"https:\\\/\\\/www.passionvttvenelles.fr\\\/wp-content\\\/uploads\\\/2024\\\/02\\\/593eb5f147b77_P1100967.jpeg\",\"contentUrl\":\"https:\\\/\\\/www.passionvttvenelles.fr\\\/wp-content\\\/uploads\\\/2024\\\/02\\\/593eb5f147b77_P1100967.jpeg\",\"width\":1024,\"height\":768},{\"@type\":\"BreadcrumbList\",\"@id\":\"https:\\\/\\\/www.passionvttvenelles.fr\\\/index.php\\\/2017\\\/06\\\/12\\\/trjv-2017-4-xco-tourves\\\/#breadcrumb\",\"itemListElement\":[{\"@type\":\"ListItem\",\"position\":1,\"name\":\"Accueil\",\"item\":\"https:\\\/\\\/www.passionvttvenelles.fr\\\/\"},{\"@type\":\"ListItem\",\"position\":2,\"name\":\"TRJV 2017 #4 XCO Tourves\"}]},{\"@type\":\"WebSite\",\"@id\":\"https:\\\/\\\/www.passionvttvenelles.fr\\\/#website\",\"url\":\"https:\\\/\\\/www.passionvttvenelles.fr\\\/\",\"name\":\"Passion VTT Venelles\",\"description\":\"De la d\u00e9couverte au plus haut niveau\",\"publisher\":{\"@id\":\"https:\\\/\\\/www.passionvttvenelles.fr\\\/#organization\"},\"potentialAction\":[{\"@type\":\"SearchAction\",\"target\":{\"@type\":\"EntryPoint\",\"urlTemplate\":\"https:\\\/\\\/www.passionvttvenelles.fr\\\/?s={search_term_string}\"},\"query-input\":{\"@type\":\"PropertyValueSpecification\",\"valueRequired\":true,\"valueName\":\"search_term_string\"}}],\"inLanguage\":\"fr-FR\"},{\"@type\":\"Organization\",\"@id\":\"https:\\\/\\\/www.passionvttvenelles.fr\\\/#organization\",\"name\":\"Passion VTT Venelles\",\"url\":\"https:\\\/\\\/www.passionvttvenelles.fr\\\/\",\"logo\":{\"@type\":\"ImageObject\",\"inLanguage\":\"fr-FR\",\"@id\":\"https:\\\/\\\/www.passionvttvenelles.fr\\\/#\\\/schema\\\/logo\\\/image\\\/\",\"url\":\"https:\\\/\\\/www.passionvttvenelles.fr\\\/wp-content\\\/uploads\\\/2024\\\/05\\\/P-club-copie.png\",\"contentUrl\":\"https:\\\/\\\/www.passionvttvenelles.fr\\\/wp-content\\\/uploads\\\/2024\\\/05\\\/P-club-copie.png\",\"width\":700,\"height\":700,\"caption\":\"Passion VTT Venelles\"},\"image\":{\"@id\":\"https:\\\/\\\/www.passionvttvenelles.fr\\\/#\\\/schema\\\/logo\\\/image\\\/\"},\"sameAs\":[\"https:\\\/\\\/www.facebook.com\\\/passionvttvenelles\\\/\",\"https:\\\/\\\/www.instagram.com\\\/passionvttvenelles\",\"https:\\\/\\\/www.tiktok.com\\\/@passionvttvenelles\",\"https:\\\/\\\/www.youtube.com\\\/channel\\\/UCY8LWXXXy-F3c8fmwtBvw_A\"]},{\"@type\":\"Person\",\"@id\":\"https:\\\/\\\/www.passionvttvenelles.fr\\\/#\\\/schema\\\/person\\\/f3f16c0a0292d5216b098f70d62096b7\",\"name\":\"Pascal Andr\u00e9\",\"image\":{\"@type\":\"ImageObject\",\"inLanguage\":\"fr-FR\",\"@id\":\"https:\\\/\\\/secure.gravatar.com\\\/avatar\\\/ed222e79451934280bfd379d27c52de4bc726b5a4cfc2334543738b53adaf86e?s=96&d=mm&r=g\",\"url\":\"https:\\\/\\\/secure.gravatar.com\\\/avatar\\\/ed222e79451934280bfd379d27c52de4bc726b5a4cfc2334543738b53adaf86e?s=96&d=mm&r=g\",\"contentUrl\":\"https:\\\/\\\/secure.gravatar.com\\\/avatar\\\/ed222e79451934280bfd379d27c52de4bc726b5a4cfc2334543738b53adaf86e?s=96&d=mm&r=g\",\"caption\":\"Pascal Andr\u00e9\"},\"url\":\"https:\\\/\\\/www.passionvttvenelles.fr\\\/index.php\\\/author\\\/pascal\\\/\"}]}<\/script>\n<!-- \/ Yoast SEO plugin. -->","yoast_head_json":{"title":"TRJV 2017 #4 XCO Tourves - Passion VTT Venelles","robots":{"index":"index","follow":"follow","max-snippet":"max-snippet:-1","max-image-preview":"max-image-preview:large","max-video-preview":"max-video-preview:-1"},"canonical":"https:\/\/www.passionvttvenelles.fr\/index.php\/2017\/06\/12\/trjv-2017-4-xco-tourves\/","og_locale":"fr_FR","og_type":"article","og_title":"TRJV 2017 #4 XCO Tourves - Passion VTT Venelles","og_description":"4\u00e8me manche du TRJV 2017 \u00e0 Tourves avec la premi\u00e8re \u00e9preuve de cros-country de la saison sur le site de Florian Lamana organis\u00e9 par Marseille VT Passion.Un soleil de plomb [&hellip;]","og_url":"https:\/\/www.passionvttvenelles.fr\/index.php\/2017\/06\/12\/trjv-2017-4-xco-tourves\/","og_site_name":"Passion VTT Venelles","article_publisher":"https:\/\/www.facebook.com\/passionvttvenelles\/","article_published_time":"2017-06-12T16:27:00+00:00","article_modified_time":"2024-02-08T19:58:55+00:00","og_image":[{"width":1024,"height":768,"url":"https:\/\/www.passionvttvenelles.fr\/wp-content\/uploads\/2024\/02\/593eb5f147b77_P1100967.jpeg","type":"image\/jpeg"}],"author":"Pascal Andr\u00e9","twitter_card":"summary_large_image","twitter_misc":{"\u00c9crit par":"Pascal Andr\u00e9","Dur\u00e9e de lecture estim\u00e9e":"1 minute"},"schema":{"@context":"https:\/\/schema.org","@graph":[{"@type":"Article","@id":"https:\/\/www.passionvttvenelles.fr\/index.php\/2017\/06\/12\/trjv-2017-4-xco-tourves\/#article","isPartOf":{"@id":"https:\/\/www.passionvttvenelles.fr\/index.php\/2017\/06\/12\/trjv-2017-4-xco-tourves\/"},"author":{"name":"Pascal Andr\u00e9","@id":"https:\/\/www.passionvttvenelles.fr\/#\/schema\/person\/f3f16c0a0292d5216b098f70d62096b7"},"headline":"TRJV 2017 #4 XCO Tourves","datePublished":"2017-06-12T16:27:00+00:00","dateModified":"2024-02-08T19:58:55+00:00","mainEntityOfPage":{"@id":"https:\/\/www.passionvttvenelles.fr\/index.php\/2017\/06\/12\/trjv-2017-4-xco-tourves\/"},"wordCount":289,"commentCount":0,"publisher":{"@id":"https:\/\/www.passionvttvenelles.fr\/#organization"},"image":{"@id":"https:\/\/www.passionvttvenelles.fr\/index.php\/2017\/06\/12\/trjv-2017-4-xco-tourves\/#primaryimage"},"thumbnailUrl":"https:\/\/www.passionvttvenelles.fr\/wp-content\/uploads\/2024\/02\/593eb5f147b77_P1100967.jpeg","articleSection":["Comp\u00e9titions","TRJV"],"inLanguage":"fr-FR","potentialAction":[{"@type":"CommentAction","name":"Comment","target":["https:\/\/www.passionvttvenelles.fr\/index.php\/2017\/06\/12\/trjv-2017-4-xco-tourves\/#respond"]}]},{"@type":"WebPage","@id":"https:\/\/www.passionvttvenelles.fr\/index.php\/2017\/06\/12\/trjv-2017-4-xco-tourves\/","url":"https:\/\/www.passionvttvenelles.fr\/index.php\/2017\/06\/12\/trjv-2017-4-xco-tourves\/","name":"TRJV 2017 #4 XCO Tourves - Passion VTT Venelles","isPartOf":{"@id":"https:\/\/www.passionvttvenelles.fr\/#website"},"primaryImageOfPage":{"@id":"https:\/\/www.passionvttvenelles.fr\/index.php\/2017\/06\/12\/trjv-2017-4-xco-tourves\/#primaryimage"},"image":{"@id":"https:\/\/www.passionvttvenelles.fr\/index.php\/2017\/06\/12\/trjv-2017-4-xco-tourves\/#primaryimage"},"thumbnailUrl":"https:\/\/www.passionvttvenelles.fr\/wp-content\/uploads\/2024\/02\/593eb5f147b77_P1100967.jpeg","datePublished":"2017-06-12T16:27:00+00:00","dateModified":"2024-02-08T19:58:55+00:00","breadcrumb":{"@id":"https:\/\/www.passionvttvenelles.fr\/index.php\/2017\/06\/12\/trjv-2017-4-xco-tourves\/#breadcrumb"},"inLanguage":"fr-FR","potentialAction":[{"@type":"ReadAction","target":["https:\/\/www.passionvttvenelles.fr\/index.php\/2017\/06\/12\/trjv-2017-4-xco-tourves\/"]}]},{"@type":"ImageObject","inLanguage":"fr-FR","@id":"https:\/\/www.passionvttvenelles.fr\/index.php\/2017\/06\/12\/trjv-2017-4-xco-tourves\/#primaryimage","url":"https:\/\/www.passionvttvenelles.fr\/wp-content\/uploads\/2024\/02\/593eb5f147b77_P1100967.jpeg","contentUrl":"https:\/\/www.passionvttvenelles.fr\/wp-content\/uploads\/2024\/02\/593eb5f147b77_P1100967.jpeg","width":1024,"height":768},{"@type":"BreadcrumbList","@id":"https:\/\/www.passionvttvenelles.fr\/index.php\/2017\/06\/12\/trjv-2017-4-xco-tourves\/#breadcrumb","itemListElement":[{"@type":"ListItem","position":1,"name":"Accueil","item":"https:\/\/www.passionvttvenelles.fr\/"},{"@type":"ListItem","position":2,"name":"TRJV 2017 #4 XCO Tourves"}]},{"@type":"WebSite","@id":"https:\/\/www.passionvttvenelles.fr\/#website","url":"https:\/\/www.passionvttvenelles.fr\/","name":"Passion VTT Venelles","description":"De la d\u00e9couverte au plus haut niveau","publisher":{"@id":"https:\/\/www.passionvttvenelles.fr\/#organization"},"potentialAction":[{"@type":"SearchAction","target":{"@type":"EntryPoint","urlTemplate":"https:\/\/www.passionvttvenelles.fr\/?s={search_term_string}"},"query-input":{"@type":"PropertyValueSpecification","valueRequired":true,"valueName":"search_term_string"}}],"inLanguage":"fr-FR"},{"@type":"Organization","@id":"https:\/\/www.passionvttvenelles.fr\/#organization","name":"Passion VTT Venelles","url":"https:\/\/www.passionvttvenelles.fr\/","logo":{"@type":"ImageObject","inLanguage":"fr-FR","@id":"https:\/\/www.passionvttvenelles.fr\/#\/schema\/logo\/image\/","url":"https:\/\/www.passionvttvenelles.fr\/wp-content\/uploads\/2024\/05\/P-club-copie.png","contentUrl":"https:\/\/www.passionvttvenelles.fr\/wp-content\/uploads\/2024\/05\/P-club-copie.png","width":700,"height":700,"caption":"Passion VTT Venelles"},"image":{"@id":"https:\/\/www.passionvttvenelles.fr\/#\/schema\/logo\/image\/"},"sameAs":["https:\/\/www.facebook.com\/passionvttvenelles\/","https:\/\/www.instagram.com\/passionvttvenelles","https:\/\/www.tiktok.com\/@passionvttvenelles","https:\/\/www.youtube.com\/channel\/UCY8LWXXXy-F3c8fmwtBvw_A"]},{"@type":"Person","@id":"https:\/\/www.passionvttvenelles.fr\/#\/schema\/person\/f3f16c0a0292d5216b098f70d62096b7","name":"Pascal Andr\u00e9","image":{"@type":"ImageObject","inLanguage":"fr-FR","@id":"https:\/\/secure.gravatar.com\/avatar\/ed222e79451934280bfd379d27c52de4bc726b5a4cfc2334543738b53adaf86e?s=96&d=mm&r=g","url":"https:\/\/secure.gravatar.com\/avatar\/ed222e79451934280bfd379d27c52de4bc726b5a4cfc2334543738b53adaf86e?s=96&d=mm&r=g","contentUrl":"https:\/\/secure.gravatar.com\/avatar\/ed222e79451934280bfd379d27c52de4bc726b5a4cfc2334543738b53adaf86e?s=96&d=mm&r=g","caption":"Pascal Andr\u00e9"},"url":"https:\/\/www.passionvttvenelles.fr\/index.php\/author\/pascal\/"}]}},"_links":{"self":[{"href":"https:\/\/www.passionvttvenelles.fr\/index.php\/wp-json\/wp\/v2\/posts\/1050","targetHints":{"allow":["GET"]}}],"collection":[{"href":"https:\/\/www.passionvttvenelles.fr\/index.php\/wp-json\/wp\/v2\/posts"}],"about":[{"href":"https:\/\/www.passionvttvenelles.fr\/index.php\/wp-json\/wp\/v2\/types\/post"}],"author":[{"embeddable":true,"href":"https:\/\/www.passionvttvenelles.fr\/index.php\/wp-json\/wp\/v2\/users\/2"}],"replies":[{"embeddable":true,"href":"https:\/\/www.passionvttvenelles.fr\/index.php\/wp-json\/wp\/v2\/comments?post=1050"}],"version-history":[{"count":1,"href":"https:\/\/www.passionvttvenelles.fr\/index.php\/wp-json\/wp\/v2\/posts\/1050\/revisions"}],"predecessor-version":[{"id":1052,"href":"https:\/\/www.passionvttvenelles.fr\/index.php\/wp-json\/wp\/v2\/posts\/1050\/revisions\/1052"}],"wp:featuredmedia":[{"embeddable":true,"href":"https:\/\/www.passionvttvenelles.fr\/index.php\/wp-json\/wp\/v2\/media\/1051"}],"wp:attachment":[{"href":"https:\/\/www.passionvttvenelles.fr\/index.php\/wp-json\/wp\/v2\/media?parent=1050"}],"wp:term":[{"taxonomy":"category","embeddable":true,"href":"https:\/\/www.passionvttvenelles.fr\/index.php\/wp-json\/wp\/v2\/categories?post=1050"},{"taxonomy":"post_tag","embeddable":true,"href":"https:\/\/www.passionvttvenelles.fr\/index.php\/wp-json\/wp\/v2\/tags?post=1050"}],"curies":[{"name":"wp","href":"https:\/\/api.w.org\/{rel}","templated":true}]}}