{"id":1053,"date":"2017-05-26T18:29:00","date_gmt":"2017-05-26T16:29:00","guid":{"rendered":"https:\/\/www.passionvttvenelles.fr\/?p=1053"},"modified":"2024-02-08T20:58:55","modified_gmt":"2024-02-08T19:58:55","slug":"trjv-2017-3-dh-dignes","status":"publish","type":"post","link":"https:\/\/www.passionvttvenelles.fr\/index.php\/2017\/05\/26\/trjv-2017-3-dh-dignes\/","title":{"rendered":"TRJV 2017 #3 DH Dignes"},"content":{"rendered":"\n<p>3\u00e8me Manche du TRJV 2017 et premi\u00e8res DH chronom\u00e9tr\u00e9es de l&rsquo;ann\u00e9e avec 1 chrono le matin et 2 chronos l&rsquo;apr\u00e8s-midi.<br>3 \u00ab\u00a0run\u00a0\u00bb donc et les 2 meilleurs places retenues pour le classement de la journ\u00e9e et le g\u00e9n\u00e9ral du TRJV.<br>Une belle organisation de VTT Rando 04 \u00e0 Digne les Bains en ce jeudi de l&rsquo;ascencion.<\/p>\n\n\n\n<p>De tr\u00e8s bons r\u00e9sultats pour le club chez les gar\u00e7ons dans les cat\u00e9gories ou nous etions pr\u00e9sents :<br>&nbsp;&#8211; en benjamins, Alix fait le job en remportant les 2 premi\u00e8res manches, puis tente un chrono dans la 3\u00e8me mais part \u00e0 la faute, chute et laisse filer la manche, Dario termine 5 apr\u00e8s une super premi\u00e8re manche ou il finit 3 mais n&rsquo;arrive pas \u00e0 m\u00e9liorer son chrono sur les suivantes, il se repositionne ainsi en vu d&rsquo;une \u00e9ventuelle s\u00e9lection pour le TFJV, Paul \u00e0 l&rsquo;inverse r\u00e9ssi une belle 3\u00e8ma manche, 3\u00e8me temps, il termine 6 au g\u00e9n\u00e9ral, Killian \u00e9galement fait une bonne derni\u00e8re manche 4\u00e8me et termine 7 au g\u00e9n\u00e9ral, Alexis, malchanceux, chute lourdement lors de la premi\u00e8re manche et termine dernier, il fait une belle 2\u00e8me manche 4 mais d\u00e9raille sur la troisi\u00e8me et termine 13, il est 10 au g\u00e9n\u00e9ral<\/p>\n\n\n\n<figure class=\"wp-block-image size-large\"><img loading=\"lazy\" decoding=\"async\" width=\"1024\" height=\"785\" src=\"https:\/\/www.passionvttvenelles.fr\/wp-content\/uploads\/2024\/02\/adrien-1024x785.jpg\" alt=\"\" class=\"wp-image-1054\" srcset=\"https:\/\/www.passionvttvenelles.fr\/wp-content\/uploads\/2024\/02\/adrien-1024x785.jpg 1024w, https:\/\/www.passionvttvenelles.fr\/wp-content\/uploads\/2024\/02\/adrien-300x230.jpg 300w, https:\/\/www.passionvttvenelles.fr\/wp-content\/uploads\/2024\/02\/adrien-768x589.jpg 768w, https:\/\/www.passionvttvenelles.fr\/wp-content\/uploads\/2024\/02\/adrien-1536x1178.jpg 1536w, https:\/\/www.passionvttvenelles.fr\/wp-content\/uploads\/2024\/02\/adrien-2048x1570.jpg 2048w, https:\/\/www.passionvttvenelles.fr\/wp-content\/uploads\/2024\/02\/adrien-1409x1080.jpg 1409w\" sizes=\"(max-width: 1024px) 100vw, 1024px\" \/><\/figure>\n\n\n\n<p>&nbsp;&#8211; en minimes, un beau tir group\u00e9 de Venelles, Adrien remporte les 3 manches avec une belle r\u00e9gularit\u00e9 au niveau du chrono et un belle \u00e9cart avec le second \u00e0 chaque manche, Axel &nbsp;est 3 avec \u00e9galement une belle r\u00e9gularit\u00e9 au niveau du chronoi sur chacune des 3 manches, ez Jules gr\u00e2ce notamment \u00e0 une super 2\u00e8me manche ou il r\u00e9alise le 2\u00e8me temps de la journ\u00e9e en minimes derri\u00e8re Adrien termine 4 au g\u00e9n\u00e9ral et se replace lui aussi dans la course pour la s\u00e9lection au TFJV, derri\u00e8re Matthieu est 18 avec une grosse chute dans le second run, chez les filles Eloise ameliore ses chronos \u00e0 achaque manche mais elle ne peut \u00e9viter la derni\u00e8re place che zles minimes elle est 4\u00e8me fille et laisse probablement filer la possibilit\u00e9 d&rsquo;une s\u00e9lection au TF<\/p>\n\n\n\n<p>Les photos de Anne sur Facebook <a href=\"https:\/\/www.facebook.com\/media\/set\/?set=a.424490061260766.1073741829.100010993278717&amp;type=1&amp;l=e935085014\">ici<\/a>.<br>R\u00e9sultats complets de la manche sur le site de la FFC Provence <a href=\"http:\/\/www.ffcprovence.com\/Resultats%202017\/VTT%20Jeunes\/17.05.25%20TRJV3%20DH-DH%20-%20Digne%20J.pdf\">ici<\/a>.<br>Et le classement g\u00e9n\u00e9ral provisoire (avec le joker du Trial !) <a href=\"https:\/\/admin.sportsregions.fr\/media\/uploaded\/sites\/11393\/kcupload\/files\/General-avec-joker.xls\">ici<\/a>.<br>Prochaine manche \u00e0 Tourves le 11 juin pour le premier XC de ce TRJV 2017.<\/p>\n","protected":false},"excerpt":{"rendered":"<p>3\u00e8me Manche du TRJV 2017 et premi\u00e8res DH chronom\u00e9tr\u00e9es de l&rsquo;ann\u00e9e avec 1 chrono le matin et 2 chronos l&rsquo;apr\u00e8s-midi.3 \u00ab\u00a0run\u00a0\u00bb donc et les 2 meilleurs places retenues pour le [&hellip;]<\/p>\n","protected":false},"author":2,"featured_media":1055,"comment_status":"open","ping_status":"open","sticky":false,"template":"","format":"standard","meta":{"saved_in_kubio":false,"footnotes":""},"categories":[22,30],"tags":[],"class_list":["post-1053","post","type-post","status-publish","format-standard","has-post-thumbnail","hentry","category-competitions","category-trjv"],"yoast_head":"<!-- This site is optimized with the Yoast SEO plugin v27.4 - https:\/\/yoast.com\/product\/yoast-seo-wordpress\/ -->\n<title>TRJV 2017 #3 DH Dignes - Passion VTT Venelles<\/title>\n<meta name=\"robots\" content=\"index, follow, max-snippet:-1, max-image-preview:large, max-video-preview:-1\" \/>\n<link rel=\"canonical\" href=\"https:\/\/www.passionvttvenelles.fr\/index.php\/2017\/05\/26\/trjv-2017-3-dh-dignes\/\" \/>\n<meta property=\"og:locale\" content=\"fr_FR\" \/>\n<meta property=\"og:type\" content=\"article\" \/>\n<meta property=\"og:title\" content=\"TRJV 2017 #3 DH Dignes - Passion VTT Venelles\" \/>\n<meta property=\"og:description\" content=\"3\u00e8me Manche du TRJV 2017 et premi\u00e8res DH chronom\u00e9tr\u00e9es de l&rsquo;ann\u00e9e avec 1 chrono le matin et 2 chronos l&rsquo;apr\u00e8s-midi.3 \u00ab\u00a0run\u00a0\u00bb donc et les 2 meilleurs places retenues pour le [&hellip;]\" \/>\n<meta property=\"og:url\" content=\"https:\/\/www.passionvttvenelles.fr\/index.php\/2017\/05\/26\/trjv-2017-3-dh-dignes\/\" \/>\n<meta property=\"og:site_name\" content=\"Passion VTT Venelles\" \/>\n<meta property=\"article:publisher\" content=\"https:\/\/www.facebook.com\/passionvttvenelles\/\" \/>\n<meta property=\"article:published_time\" content=\"2017-05-26T16:29:00+00:00\" \/>\n<meta property=\"article:modified_time\" content=\"2024-02-08T19:58:55+00:00\" \/>\n<meta property=\"og:image\" content=\"https:\/\/www.passionvttvenelles.fr\/wp-content\/uploads\/2024\/02\/592a825dc7ba4_P1100549.jpeg\" \/>\n\t<meta property=\"og:image:width\" content=\"1024\" \/>\n\t<meta property=\"og:image:height\" content=\"768\" \/>\n\t<meta property=\"og:image:type\" content=\"image\/jpeg\" \/>\n<meta name=\"author\" content=\"Pascal Andr\u00e9\" \/>\n<meta name=\"twitter:card\" content=\"summary_large_image\" \/>\n<meta name=\"twitter:label1\" content=\"\u00c9crit par\" \/>\n\t<meta name=\"twitter:data1\" content=\"Pascal Andr\u00e9\" \/>\n\t<meta name=\"twitter:label2\" content=\"Dur\u00e9e de lecture estim\u00e9e\" \/>\n\t<meta name=\"twitter:data2\" content=\"2 minutes\" \/>\n<script type=\"application\/ld+json\" class=\"yoast-schema-graph\">{\"@context\":\"https:\\\/\\\/schema.org\",\"@graph\":[{\"@type\":\"Article\",\"@id\":\"https:\\\/\\\/www.passionvttvenelles.fr\\\/index.php\\\/2017\\\/05\\\/26\\\/trjv-2017-3-dh-dignes\\\/#article\",\"isPartOf\":{\"@id\":\"https:\\\/\\\/www.passionvttvenelles.fr\\\/index.php\\\/2017\\\/05\\\/26\\\/trjv-2017-3-dh-dignes\\\/\"},\"author\":{\"name\":\"Pascal Andr\u00e9\",\"@id\":\"https:\\\/\\\/www.passionvttvenelles.fr\\\/#\\\/schema\\\/person\\\/f3f16c0a0292d5216b098f70d62096b7\"},\"headline\":\"TRJV 2017 #3 DH Dignes\",\"datePublished\":\"2017-05-26T16:29:00+00:00\",\"dateModified\":\"2024-02-08T19:58:55+00:00\",\"mainEntityOfPage\":{\"@id\":\"https:\\\/\\\/www.passionvttvenelles.fr\\\/index.php\\\/2017\\\/05\\\/26\\\/trjv-2017-3-dh-dignes\\\/\"},\"wordCount\":407,\"commentCount\":0,\"publisher\":{\"@id\":\"https:\\\/\\\/www.passionvttvenelles.fr\\\/#organization\"},\"image\":{\"@id\":\"https:\\\/\\\/www.passionvttvenelles.fr\\\/index.php\\\/2017\\\/05\\\/26\\\/trjv-2017-3-dh-dignes\\\/#primaryimage\"},\"thumbnailUrl\":\"https:\\\/\\\/www.passionvttvenelles.fr\\\/wp-content\\\/uploads\\\/2024\\\/02\\\/592a825dc7ba4_P1100549.jpeg\",\"articleSection\":[\"Comp\u00e9titions\",\"TRJV\"],\"inLanguage\":\"fr-FR\",\"potentialAction\":[{\"@type\":\"CommentAction\",\"name\":\"Comment\",\"target\":[\"https:\\\/\\\/www.passionvttvenelles.fr\\\/index.php\\\/2017\\\/05\\\/26\\\/trjv-2017-3-dh-dignes\\\/#respond\"]}]},{\"@type\":\"WebPage\",\"@id\":\"https:\\\/\\\/www.passionvttvenelles.fr\\\/index.php\\\/2017\\\/05\\\/26\\\/trjv-2017-3-dh-dignes\\\/\",\"url\":\"https:\\\/\\\/www.passionvttvenelles.fr\\\/index.php\\\/2017\\\/05\\\/26\\\/trjv-2017-3-dh-dignes\\\/\",\"name\":\"TRJV 2017 #3 DH Dignes - Passion VTT Venelles\",\"isPartOf\":{\"@id\":\"https:\\\/\\\/www.passionvttvenelles.fr\\\/#website\"},\"primaryImageOfPage\":{\"@id\":\"https:\\\/\\\/www.passionvttvenelles.fr\\\/index.php\\\/2017\\\/05\\\/26\\\/trjv-2017-3-dh-dignes\\\/#primaryimage\"},\"image\":{\"@id\":\"https:\\\/\\\/www.passionvttvenelles.fr\\\/index.php\\\/2017\\\/05\\\/26\\\/trjv-2017-3-dh-dignes\\\/#primaryimage\"},\"thumbnailUrl\":\"https:\\\/\\\/www.passionvttvenelles.fr\\\/wp-content\\\/uploads\\\/2024\\\/02\\\/592a825dc7ba4_P1100549.jpeg\",\"datePublished\":\"2017-05-26T16:29:00+00:00\",\"dateModified\":\"2024-02-08T19:58:55+00:00\",\"breadcrumb\":{\"@id\":\"https:\\\/\\\/www.passionvttvenelles.fr\\\/index.php\\\/2017\\\/05\\\/26\\\/trjv-2017-3-dh-dignes\\\/#breadcrumb\"},\"inLanguage\":\"fr-FR\",\"potentialAction\":[{\"@type\":\"ReadAction\",\"target\":[\"https:\\\/\\\/www.passionvttvenelles.fr\\\/index.php\\\/2017\\\/05\\\/26\\\/trjv-2017-3-dh-dignes\\\/\"]}]},{\"@type\":\"ImageObject\",\"inLanguage\":\"fr-FR\",\"@id\":\"https:\\\/\\\/www.passionvttvenelles.fr\\\/index.php\\\/2017\\\/05\\\/26\\\/trjv-2017-3-dh-dignes\\\/#primaryimage\",\"url\":\"https:\\\/\\\/www.passionvttvenelles.fr\\\/wp-content\\\/uploads\\\/2024\\\/02\\\/592a825dc7ba4_P1100549.jpeg\",\"contentUrl\":\"https:\\\/\\\/www.passionvttvenelles.fr\\\/wp-content\\\/uploads\\\/2024\\\/02\\\/592a825dc7ba4_P1100549.jpeg\",\"width\":1024,\"height\":768},{\"@type\":\"BreadcrumbList\",\"@id\":\"https:\\\/\\\/www.passionvttvenelles.fr\\\/index.php\\\/2017\\\/05\\\/26\\\/trjv-2017-3-dh-dignes\\\/#breadcrumb\",\"itemListElement\":[{\"@type\":\"ListItem\",\"position\":1,\"name\":\"Accueil\",\"item\":\"https:\\\/\\\/www.passionvttvenelles.fr\\\/\"},{\"@type\":\"ListItem\",\"position\":2,\"name\":\"TRJV 2017 #3 DH Dignes\"}]},{\"@type\":\"WebSite\",\"@id\":\"https:\\\/\\\/www.passionvttvenelles.fr\\\/#website\",\"url\":\"https:\\\/\\\/www.passionvttvenelles.fr\\\/\",\"name\":\"Passion VTT Venelles\",\"description\":\"De la d\u00e9couverte au plus haut niveau\",\"publisher\":{\"@id\":\"https:\\\/\\\/www.passionvttvenelles.fr\\\/#organization\"},\"potentialAction\":[{\"@type\":\"SearchAction\",\"target\":{\"@type\":\"EntryPoint\",\"urlTemplate\":\"https:\\\/\\\/www.passionvttvenelles.fr\\\/?s={search_term_string}\"},\"query-input\":{\"@type\":\"PropertyValueSpecification\",\"valueRequired\":true,\"valueName\":\"search_term_string\"}}],\"inLanguage\":\"fr-FR\"},{\"@type\":\"Organization\",\"@id\":\"https:\\\/\\\/www.passionvttvenelles.fr\\\/#organization\",\"name\":\"Passion VTT Venelles\",\"url\":\"https:\\\/\\\/www.passionvttvenelles.fr\\\/\",\"logo\":{\"@type\":\"ImageObject\",\"inLanguage\":\"fr-FR\",\"@id\":\"https:\\\/\\\/www.passionvttvenelles.fr\\\/#\\\/schema\\\/logo\\\/image\\\/\",\"url\":\"https:\\\/\\\/www.passionvttvenelles.fr\\\/wp-content\\\/uploads\\\/2024\\\/05\\\/P-club-copie.png\",\"contentUrl\":\"https:\\\/\\\/www.passionvttvenelles.fr\\\/wp-content\\\/uploads\\\/2024\\\/05\\\/P-club-copie.png\",\"width\":700,\"height\":700,\"caption\":\"Passion VTT Venelles\"},\"image\":{\"@id\":\"https:\\\/\\\/www.passionvttvenelles.fr\\\/#\\\/schema\\\/logo\\\/image\\\/\"},\"sameAs\":[\"https:\\\/\\\/www.facebook.com\\\/passionvttvenelles\\\/\",\"https:\\\/\\\/www.instagram.com\\\/passionvttvenelles\",\"https:\\\/\\\/www.tiktok.com\\\/@passionvttvenelles\",\"https:\\\/\\\/www.youtube.com\\\/channel\\\/UCY8LWXXXy-F3c8fmwtBvw_A\"]},{\"@type\":\"Person\",\"@id\":\"https:\\\/\\\/www.passionvttvenelles.fr\\\/#\\\/schema\\\/person\\\/f3f16c0a0292d5216b098f70d62096b7\",\"name\":\"Pascal Andr\u00e9\",\"image\":{\"@type\":\"ImageObject\",\"inLanguage\":\"fr-FR\",\"@id\":\"https:\\\/\\\/secure.gravatar.com\\\/avatar\\\/ed222e79451934280bfd379d27c52de4bc726b5a4cfc2334543738b53adaf86e?s=96&d=mm&r=g\",\"url\":\"https:\\\/\\\/secure.gravatar.com\\\/avatar\\\/ed222e79451934280bfd379d27c52de4bc726b5a4cfc2334543738b53adaf86e?s=96&d=mm&r=g\",\"contentUrl\":\"https:\\\/\\\/secure.gravatar.com\\\/avatar\\\/ed222e79451934280bfd379d27c52de4bc726b5a4cfc2334543738b53adaf86e?s=96&d=mm&r=g\",\"caption\":\"Pascal Andr\u00e9\"},\"url\":\"https:\\\/\\\/www.passionvttvenelles.fr\\\/index.php\\\/author\\\/pascal\\\/\"}]}<\/script>\n<!-- \/ Yoast SEO plugin. -->","yoast_head_json":{"title":"TRJV 2017 #3 DH Dignes - Passion VTT Venelles","robots":{"index":"index","follow":"follow","max-snippet":"max-snippet:-1","max-image-preview":"max-image-preview:large","max-video-preview":"max-video-preview:-1"},"canonical":"https:\/\/www.passionvttvenelles.fr\/index.php\/2017\/05\/26\/trjv-2017-3-dh-dignes\/","og_locale":"fr_FR","og_type":"article","og_title":"TRJV 2017 #3 DH Dignes - Passion VTT Venelles","og_description":"3\u00e8me Manche du TRJV 2017 et premi\u00e8res DH chronom\u00e9tr\u00e9es de l&rsquo;ann\u00e9e avec 1 chrono le matin et 2 chronos l&rsquo;apr\u00e8s-midi.3 \u00ab\u00a0run\u00a0\u00bb donc et les 2 meilleurs places retenues pour le [&hellip;]","og_url":"https:\/\/www.passionvttvenelles.fr\/index.php\/2017\/05\/26\/trjv-2017-3-dh-dignes\/","og_site_name":"Passion VTT Venelles","article_publisher":"https:\/\/www.facebook.com\/passionvttvenelles\/","article_published_time":"2017-05-26T16:29:00+00:00","article_modified_time":"2024-02-08T19:58:55+00:00","og_image":[{"width":1024,"height":768,"url":"https:\/\/www.passionvttvenelles.fr\/wp-content\/uploads\/2024\/02\/592a825dc7ba4_P1100549.jpeg","type":"image\/jpeg"}],"author":"Pascal Andr\u00e9","twitter_card":"summary_large_image","twitter_misc":{"\u00c9crit par":"Pascal Andr\u00e9","Dur\u00e9e de lecture estim\u00e9e":"2 minutes"},"schema":{"@context":"https:\/\/schema.org","@graph":[{"@type":"Article","@id":"https:\/\/www.passionvttvenelles.fr\/index.php\/2017\/05\/26\/trjv-2017-3-dh-dignes\/#article","isPartOf":{"@id":"https:\/\/www.passionvttvenelles.fr\/index.php\/2017\/05\/26\/trjv-2017-3-dh-dignes\/"},"author":{"name":"Pascal Andr\u00e9","@id":"https:\/\/www.passionvttvenelles.fr\/#\/schema\/person\/f3f16c0a0292d5216b098f70d62096b7"},"headline":"TRJV 2017 #3 DH Dignes","datePublished":"2017-05-26T16:29:00+00:00","dateModified":"2024-02-08T19:58:55+00:00","mainEntityOfPage":{"@id":"https:\/\/www.passionvttvenelles.fr\/index.php\/2017\/05\/26\/trjv-2017-3-dh-dignes\/"},"wordCount":407,"commentCount":0,"publisher":{"@id":"https:\/\/www.passionvttvenelles.fr\/#organization"},"image":{"@id":"https:\/\/www.passionvttvenelles.fr\/index.php\/2017\/05\/26\/trjv-2017-3-dh-dignes\/#primaryimage"},"thumbnailUrl":"https:\/\/www.passionvttvenelles.fr\/wp-content\/uploads\/2024\/02\/592a825dc7ba4_P1100549.jpeg","articleSection":["Comp\u00e9titions","TRJV"],"inLanguage":"fr-FR","potentialAction":[{"@type":"CommentAction","name":"Comment","target":["https:\/\/www.passionvttvenelles.fr\/index.php\/2017\/05\/26\/trjv-2017-3-dh-dignes\/#respond"]}]},{"@type":"WebPage","@id":"https:\/\/www.passionvttvenelles.fr\/index.php\/2017\/05\/26\/trjv-2017-3-dh-dignes\/","url":"https:\/\/www.passionvttvenelles.fr\/index.php\/2017\/05\/26\/trjv-2017-3-dh-dignes\/","name":"TRJV 2017 #3 DH Dignes - Passion VTT Venelles","isPartOf":{"@id":"https:\/\/www.passionvttvenelles.fr\/#website"},"primaryImageOfPage":{"@id":"https:\/\/www.passionvttvenelles.fr\/index.php\/2017\/05\/26\/trjv-2017-3-dh-dignes\/#primaryimage"},"image":{"@id":"https:\/\/www.passionvttvenelles.fr\/index.php\/2017\/05\/26\/trjv-2017-3-dh-dignes\/#primaryimage"},"thumbnailUrl":"https:\/\/www.passionvttvenelles.fr\/wp-content\/uploads\/2024\/02\/592a825dc7ba4_P1100549.jpeg","datePublished":"2017-05-26T16:29:00+00:00","dateModified":"2024-02-08T19:58:55+00:00","breadcrumb":{"@id":"https:\/\/www.passionvttvenelles.fr\/index.php\/2017\/05\/26\/trjv-2017-3-dh-dignes\/#breadcrumb"},"inLanguage":"fr-FR","potentialAction":[{"@type":"ReadAction","target":["https:\/\/www.passionvttvenelles.fr\/index.php\/2017\/05\/26\/trjv-2017-3-dh-dignes\/"]}]},{"@type":"ImageObject","inLanguage":"fr-FR","@id":"https:\/\/www.passionvttvenelles.fr\/index.php\/2017\/05\/26\/trjv-2017-3-dh-dignes\/#primaryimage","url":"https:\/\/www.passionvttvenelles.fr\/wp-content\/uploads\/2024\/02\/592a825dc7ba4_P1100549.jpeg","contentUrl":"https:\/\/www.passionvttvenelles.fr\/wp-content\/uploads\/2024\/02\/592a825dc7ba4_P1100549.jpeg","width":1024,"height":768},{"@type":"BreadcrumbList","@id":"https:\/\/www.passionvttvenelles.fr\/index.php\/2017\/05\/26\/trjv-2017-3-dh-dignes\/#breadcrumb","itemListElement":[{"@type":"ListItem","position":1,"name":"Accueil","item":"https:\/\/www.passionvttvenelles.fr\/"},{"@type":"ListItem","position":2,"name":"TRJV 2017 #3 DH Dignes"}]},{"@type":"WebSite","@id":"https:\/\/www.passionvttvenelles.fr\/#website","url":"https:\/\/www.passionvttvenelles.fr\/","name":"Passion VTT Venelles","description":"De la d\u00e9couverte au plus haut niveau","publisher":{"@id":"https:\/\/www.passionvttvenelles.fr\/#organization"},"potentialAction":[{"@type":"SearchAction","target":{"@type":"EntryPoint","urlTemplate":"https:\/\/www.passionvttvenelles.fr\/?s={search_term_string}"},"query-input":{"@type":"PropertyValueSpecification","valueRequired":true,"valueName":"search_term_string"}}],"inLanguage":"fr-FR"},{"@type":"Organization","@id":"https:\/\/www.passionvttvenelles.fr\/#organization","name":"Passion VTT Venelles","url":"https:\/\/www.passionvttvenelles.fr\/","logo":{"@type":"ImageObject","inLanguage":"fr-FR","@id":"https:\/\/www.passionvttvenelles.fr\/#\/schema\/logo\/image\/","url":"https:\/\/www.passionvttvenelles.fr\/wp-content\/uploads\/2024\/05\/P-club-copie.png","contentUrl":"https:\/\/www.passionvttvenelles.fr\/wp-content\/uploads\/2024\/05\/P-club-copie.png","width":700,"height":700,"caption":"Passion VTT Venelles"},"image":{"@id":"https:\/\/www.passionvttvenelles.fr\/#\/schema\/logo\/image\/"},"sameAs":["https:\/\/www.facebook.com\/passionvttvenelles\/","https:\/\/www.instagram.com\/passionvttvenelles","https:\/\/www.tiktok.com\/@passionvttvenelles","https:\/\/www.youtube.com\/channel\/UCY8LWXXXy-F3c8fmwtBvw_A"]},{"@type":"Person","@id":"https:\/\/www.passionvttvenelles.fr\/#\/schema\/person\/f3f16c0a0292d5216b098f70d62096b7","name":"Pascal Andr\u00e9","image":{"@type":"ImageObject","inLanguage":"fr-FR","@id":"https:\/\/secure.gravatar.com\/avatar\/ed222e79451934280bfd379d27c52de4bc726b5a4cfc2334543738b53adaf86e?s=96&d=mm&r=g","url":"https:\/\/secure.gravatar.com\/avatar\/ed222e79451934280bfd379d27c52de4bc726b5a4cfc2334543738b53adaf86e?s=96&d=mm&r=g","contentUrl":"https:\/\/secure.gravatar.com\/avatar\/ed222e79451934280bfd379d27c52de4bc726b5a4cfc2334543738b53adaf86e?s=96&d=mm&r=g","caption":"Pascal Andr\u00e9"},"url":"https:\/\/www.passionvttvenelles.fr\/index.php\/author\/pascal\/"}]}},"_links":{"self":[{"href":"https:\/\/www.passionvttvenelles.fr\/index.php\/wp-json\/wp\/v2\/posts\/1053","targetHints":{"allow":["GET"]}}],"collection":[{"href":"https:\/\/www.passionvttvenelles.fr\/index.php\/wp-json\/wp\/v2\/posts"}],"about":[{"href":"https:\/\/www.passionvttvenelles.fr\/index.php\/wp-json\/wp\/v2\/types\/post"}],"author":[{"embeddable":true,"href":"https:\/\/www.passionvttvenelles.fr\/index.php\/wp-json\/wp\/v2\/users\/2"}],"replies":[{"embeddable":true,"href":"https:\/\/www.passionvttvenelles.fr\/index.php\/wp-json\/wp\/v2\/comments?post=1053"}],"version-history":[{"count":1,"href":"https:\/\/www.passionvttvenelles.fr\/index.php\/wp-json\/wp\/v2\/posts\/1053\/revisions"}],"predecessor-version":[{"id":1056,"href":"https:\/\/www.passionvttvenelles.fr\/index.php\/wp-json\/wp\/v2\/posts\/1053\/revisions\/1056"}],"wp:featuredmedia":[{"embeddable":true,"href":"https:\/\/www.passionvttvenelles.fr\/index.php\/wp-json\/wp\/v2\/media\/1055"}],"wp:attachment":[{"href":"https:\/\/www.passionvttvenelles.fr\/index.php\/wp-json\/wp\/v2\/media?parent=1053"}],"wp:term":[{"taxonomy":"category","embeddable":true,"href":"https:\/\/www.passionvttvenelles.fr\/index.php\/wp-json\/wp\/v2\/categories?post=1053"},{"taxonomy":"post_tag","embeddable":true,"href":"https:\/\/www.passionvttvenelles.fr\/index.php\/wp-json\/wp\/v2\/tags?post=1053"}],"curies":[{"name":"wp","href":"https:\/\/api.w.org\/{rel}","templated":true}]}}