{"id":1083,"date":"2022-03-08T20:28:00","date_gmt":"2022-03-08T19:28:00","guid":{"rendered":"https:\/\/www.passionvttvenelles.fr\/?p=1083"},"modified":"2024-02-09T20:24:26","modified_gmt":"2024-02-09T19:24:26","slug":"trjv-2022-1-chateau-gombert","status":"publish","type":"post","link":"https:\/\/www.passionvttvenelles.fr\/index.php\/2022\/03\/08\/trjv-2022-1-chateau-gombert\/","title":{"rendered":"TRJV 2022 #1 Chateau-Gombert"},"content":{"rendered":"\n<p>Pour la premi\u00e8re manche du TRJV 2022, pas moins de 12 comp\u00e9titeurs de notre club ne sont retrouv\u00e9s sur les parcours XCO et XCE au pied du massif de l&rsquo;Etoile \u00e0 Marseille Chateau-Gombert.<\/p>\n\n\n\n<figure class=\"wp-block-image size-large\"><img loading=\"lazy\" decoding=\"async\" width=\"1024\" height=\"683\" src=\"https:\/\/www.passionvttvenelles.fr\/wp-content\/uploads\/2024\/02\/DSCF1470-1024x683.jpg\" alt=\"\" class=\"wp-image-1084\" srcset=\"https:\/\/www.passionvttvenelles.fr\/wp-content\/uploads\/2024\/02\/DSCF1470-1024x683.jpg 1024w, https:\/\/www.passionvttvenelles.fr\/wp-content\/uploads\/2024\/02\/DSCF1470-300x200.jpg 300w, https:\/\/www.passionvttvenelles.fr\/wp-content\/uploads\/2024\/02\/DSCF1470-768x512.jpg 768w, https:\/\/www.passionvttvenelles.fr\/wp-content\/uploads\/2024\/02\/DSCF1470-1536x1024.jpg 1536w, https:\/\/www.passionvttvenelles.fr\/wp-content\/uploads\/2024\/02\/DSCF1470-2048x1365.jpg 2048w, https:\/\/www.passionvttvenelles.fr\/wp-content\/uploads\/2024\/02\/DSCF1470-1620x1080.jpg 1620w\" sizes=\"(max-width: 1024px) 100vw, 1024px\" \/><\/figure>\n\n\n\n<p>Photo : Zian<\/p>\n\n\n\n<p>Parents et enfants, heureux de retrouver l&rsquo;ambiance des courses se sont tous donn\u00e9s \u00e0 fond apr\u00e8s ces 2 ann\u00e9es de COVID.<\/p>\n\n\n\n<figure class=\"wp-block-image size-large\"><img loading=\"lazy\" decoding=\"async\" width=\"1024\" height=\"683\" src=\"https:\/\/www.passionvttvenelles.fr\/wp-content\/uploads\/2024\/02\/DSCF1380-1024x683.jpg\" alt=\"\" class=\"wp-image-1085\" srcset=\"https:\/\/www.passionvttvenelles.fr\/wp-content\/uploads\/2024\/02\/DSCF1380-1024x683.jpg 1024w, https:\/\/www.passionvttvenelles.fr\/wp-content\/uploads\/2024\/02\/DSCF1380-300x200.jpg 300w, https:\/\/www.passionvttvenelles.fr\/wp-content\/uploads\/2024\/02\/DSCF1380-768x512.jpg 768w, https:\/\/www.passionvttvenelles.fr\/wp-content\/uploads\/2024\/02\/DSCF1380-1536x1024.jpg 1536w\" sizes=\"(max-width: 1024px) 100vw, 1024px\" \/><\/figure>\n\n\n\n<p>Photo : Adan et Elise<\/p>\n\n\n\n<p>Nous souhaitons la bienvenue \u00e0 Pablo pour sa 1\u00e8re participation aux comp\u00e9titions VTT ainsi qu&rsquo;\u00e0 Adan, Sasha et Matisse qui courent dor\u00e9navant sous nos couleurs.<\/p>\n\n\n\n<figure class=\"wp-block-image size-large\"><img loading=\"lazy\" decoding=\"async\" width=\"1024\" height=\"683\" src=\"https:\/\/www.passionvttvenelles.fr\/wp-content\/uploads\/2024\/02\/DSCF1281-1024x683.jpg\" alt=\"\" class=\"wp-image-1086\" srcset=\"https:\/\/www.passionvttvenelles.fr\/wp-content\/uploads\/2024\/02\/DSCF1281-1024x683.jpg 1024w, https:\/\/www.passionvttvenelles.fr\/wp-content\/uploads\/2024\/02\/DSCF1281-300x200.jpg 300w, https:\/\/www.passionvttvenelles.fr\/wp-content\/uploads\/2024\/02\/DSCF1281-768x512.jpg 768w, https:\/\/www.passionvttvenelles.fr\/wp-content\/uploads\/2024\/02\/DSCF1281-1536x1024.jpg 1536w, https:\/\/www.passionvttvenelles.fr\/wp-content\/uploads\/2024\/02\/DSCF1281-2048x1365.jpg 2048w, https:\/\/www.passionvttvenelles.fr\/wp-content\/uploads\/2024\/02\/DSCF1281-1620x1080.jpg 1620w\" sizes=\"(max-width: 1024px) 100vw, 1024px\" \/><\/figure>\n\n\n\n<p>Photo : Pablo<\/p>\n\n\n\n<p>R\u00e9sultats de la journ\u00e9e :<\/p>\n\n\n\n<ul class=\"wp-block-list\">\n<li>En poussins, Jules 1er XCO et 1er XCE <strong>(1er de la journ\u00e9e)<\/strong>,<\/li>\n\n\n\n<li>En pupilles G, Axel : 4e XCO et 7e XCE <strong>(6e sur la journ\u00e9e)<\/strong>,<\/li>\n\n\n\n<li>En pupilles F, Cl\u00e9mence : 1\u00e8re XCO et 1\u00e8re XCE <strong>(1\u00e8re sur la journ\u00e9e)<\/strong>,<\/li>\n\n\n\n<li>En benjamins, Pablo 13e XCO et 14e XCE <strong>(15e sur la journ\u00e9e)<\/strong>,<\/li>\n\n\n\n<li>En benjamines, Maud 1\u00e8re XCO et 4e XCE <strong>(3e sur la journ\u00e9e)<\/strong>,<\/li>\n\n\n\n<li>En Minimes, Zian 4e XCO et 5e XCE <strong>(5e sur la journ\u00e9e)<\/strong>, Neel 5e XCO et 7e XCE <strong>(6e sur la journ\u00e9e)<\/strong>, Sacha 11e XCO et 4e XCE <strong>(7e sur la journ\u00e9e)<\/strong>, Matisse 13e XCO et 14e XCE<strong> (14e sur la journ\u00e9e)<\/strong>,<\/li>\n\n\n\n<li>En cadets Justin 1e XCO et 7e XCE<strong> (1er de la journ\u00e9e)<\/strong> et Adan 11e XCO et 12e XCE <strong>(11e sur la journ\u00e9e)<\/strong>,<\/li>\n\n\n\n<li>En cadettes Elise 2 XCO et 2 XCE&nbsp;<strong>(2\u00e8me de la journ\u00e9e).<\/strong><\/li>\n<\/ul>\n\n\n\n<figure class=\"wp-block-image size-large\"><img loading=\"lazy\" decoding=\"async\" width=\"683\" height=\"1024\" src=\"https:\/\/www.passionvttvenelles.fr\/wp-content\/uploads\/2024\/02\/DSCF1374-683x1024.jpg\" alt=\"\" class=\"wp-image-1087\" srcset=\"https:\/\/www.passionvttvenelles.fr\/wp-content\/uploads\/2024\/02\/DSCF1374-683x1024.jpg 683w, https:\/\/www.passionvttvenelles.fr\/wp-content\/uploads\/2024\/02\/DSCF1374-200x300.jpg 200w, https:\/\/www.passionvttvenelles.fr\/wp-content\/uploads\/2024\/02\/DSCF1374-768x1152.jpg 768w, https:\/\/www.passionvttvenelles.fr\/wp-content\/uploads\/2024\/02\/DSCF1374-1024x1536.jpg 1024w, https:\/\/www.passionvttvenelles.fr\/wp-content\/uploads\/2024\/02\/DSCF1374-1365x2048.jpg 1365w, https:\/\/www.passionvttvenelles.fr\/wp-content\/uploads\/2024\/02\/DSCF1374-720x1080.jpg 720w, https:\/\/www.passionvttvenelles.fr\/wp-content\/uploads\/2024\/02\/DSCF1374-scaled.jpg 1707w\" sizes=\"(max-width: 683px) 100vw, 683px\" \/><\/figure>\n\n\n\n<p>Photo : Sasha<\/p>\n\n\n\n<figure class=\"wp-block-image size-large\"><img loading=\"lazy\" decoding=\"async\" width=\"683\" height=\"1024\" src=\"https:\/\/www.passionvttvenelles.fr\/wp-content\/uploads\/2024\/02\/DSCF1587-683x1024.jpg\" alt=\"\" class=\"wp-image-1088\" srcset=\"https:\/\/www.passionvttvenelles.fr\/wp-content\/uploads\/2024\/02\/DSCF1587-683x1024.jpg 683w, https:\/\/www.passionvttvenelles.fr\/wp-content\/uploads\/2024\/02\/DSCF1587-200x300.jpg 200w, https:\/\/www.passionvttvenelles.fr\/wp-content\/uploads\/2024\/02\/DSCF1587-768x1152.jpg 768w, https:\/\/www.passionvttvenelles.fr\/wp-content\/uploads\/2024\/02\/DSCF1587-1024x1536.jpg 1024w, https:\/\/www.passionvttvenelles.fr\/wp-content\/uploads\/2024\/02\/DSCF1587-1365x2048.jpg 1365w, https:\/\/www.passionvttvenelles.fr\/wp-content\/uploads\/2024\/02\/DSCF1587-720x1080.jpg 720w, https:\/\/www.passionvttvenelles.fr\/wp-content\/uploads\/2024\/02\/DSCF1587-scaled.jpg 1707w\" sizes=\"(max-width: 683px) 100vw, 683px\" \/><\/figure>\n\n\n\n<p>Photo : Jules<\/p>\n\n\n\n<figure class=\"wp-block-image size-large\"><img loading=\"lazy\" decoding=\"async\" width=\"683\" height=\"1024\" src=\"https:\/\/www.passionvttvenelles.fr\/wp-content\/uploads\/2024\/02\/DSCF1569-683x1024.jpg\" alt=\"\" class=\"wp-image-1089\" srcset=\"https:\/\/www.passionvttvenelles.fr\/wp-content\/uploads\/2024\/02\/DSCF1569-683x1024.jpg 683w, https:\/\/www.passionvttvenelles.fr\/wp-content\/uploads\/2024\/02\/DSCF1569-200x300.jpg 200w, https:\/\/www.passionvttvenelles.fr\/wp-content\/uploads\/2024\/02\/DSCF1569-768x1152.jpg 768w, https:\/\/www.passionvttvenelles.fr\/wp-content\/uploads\/2024\/02\/DSCF1569-1024x1536.jpg 1024w, https:\/\/www.passionvttvenelles.fr\/wp-content\/uploads\/2024\/02\/DSCF1569-1365x2048.jpg 1365w, https:\/\/www.passionvttvenelles.fr\/wp-content\/uploads\/2024\/02\/DSCF1569-720x1080.jpg 720w, https:\/\/www.passionvttvenelles.fr\/wp-content\/uploads\/2024\/02\/DSCF1569-scaled.jpg 1707w\" sizes=\"(max-width: 683px) 100vw, 683px\" \/><\/figure>\n\n\n\n<p>Photo : Justin<\/p>\n\n\n\n<figure class=\"wp-block-image size-large\"><img loading=\"lazy\" decoding=\"async\" width=\"1024\" height=\"683\" src=\"https:\/\/www.passionvttvenelles.fr\/wp-content\/uploads\/2024\/02\/DSCF1462-1024x683.jpg\" alt=\"\" class=\"wp-image-1090\" srcset=\"https:\/\/www.passionvttvenelles.fr\/wp-content\/uploads\/2024\/02\/DSCF1462-1024x683.jpg 1024w, https:\/\/www.passionvttvenelles.fr\/wp-content\/uploads\/2024\/02\/DSCF1462-300x200.jpg 300w, https:\/\/www.passionvttvenelles.fr\/wp-content\/uploads\/2024\/02\/DSCF1462-768x512.jpg 768w, https:\/\/www.passionvttvenelles.fr\/wp-content\/uploads\/2024\/02\/DSCF1462-1536x1024.jpg 1536w\" sizes=\"(max-width: 1024px) 100vw, 1024px\" \/><\/figure>\n\n\n\n<p>Photo : Elise<\/p>\n\n\n\n<p>Merci \u00e0 nos fid\u00e8les partenaires :<\/p>\n\n\n\n<ul class=\"wp-block-list\">\n<li><a href=\"https:\/\/www.veloattitudes.fr\/\" target=\"_blank\" rel=\"noreferrer noopener\">V\u00e9lo Attitudes \u00e0 Venelles<\/a><\/li>\n\n\n\n<li><a href=\"https:\/\/4-42-suspensions.com\/\" target=\"_blank\" rel=\"noreferrer noopener\">442 Suspensions<\/a><\/li>\n\n\n\n<li><a href=\"http:\/\/adcomprovence.fr\/\" target=\"_blank\" rel=\"noreferrer noopener\">Pano Aix<\/a><\/li>\n\n\n\n<li><a href=\"https:\/\/www.irrijardin.fr\/magasins\/sud-est\/aix-en-provence\/\" target=\"_blank\" rel=\"noreferrer noopener\">Irrijardin \u00e0 Venelles<\/a><\/li>\n\n\n\n<li><a href=\"https:\/\/www.venelles.fr\/\" target=\"_blank\" rel=\"noreferrer noopener\">Ville de Venelles<\/a><\/li>\n\n\n\n<li><a href=\"https:\/\/www.maregionsud.fr\/\" target=\"_blank\" rel=\"noreferrer noopener\">Ma r\u00e9gion SUD<\/a><\/li>\n\n\n\n<li><a href=\"https:\/\/www.duke-racingwheels.com\/\" target=\"_blank\" rel=\"noreferrer noopener\">Duke<\/a><\/li>\n<\/ul>\n\n\n\n<figure class=\"wp-block-image size-large\"><img loading=\"lazy\" decoding=\"async\" width=\"1024\" height=\"156\" src=\"https:\/\/www.passionvttvenelles.fr\/wp-content\/uploads\/2024\/02\/Fond-Story-copie-3-1024x156.png\" alt=\"\" class=\"wp-image-894\" srcset=\"https:\/\/www.passionvttvenelles.fr\/wp-content\/uploads\/2024\/02\/Fond-Story-copie-3-1024x156.png 1024w, https:\/\/www.passionvttvenelles.fr\/wp-content\/uploads\/2024\/02\/Fond-Story-copie-3-300x46.png 300w, https:\/\/www.passionvttvenelles.fr\/wp-content\/uploads\/2024\/02\/Fond-Story-copie-3-768x117.png 768w, https:\/\/www.passionvttvenelles.fr\/wp-content\/uploads\/2024\/02\/Fond-Story-copie-3.png 1069w\" sizes=\"(max-width: 1024px) 100vw, 1024px\" \/><\/figure>\n","protected":false},"excerpt":{"rendered":"<p>Pour la premi\u00e8re manche du TRJV 2022, pas moins de 12 comp\u00e9titeurs de notre club ne sont retrouv\u00e9s sur les parcours XCO et XCE au pied du massif de l&rsquo;Etoile [&hellip;]<\/p>\n","protected":false},"author":3,"featured_media":1085,"comment_status":"open","ping_status":"open","sticky":false,"template":"","format":"standard","meta":{"saved_in_kubio":false,"footnotes":""},"categories":[22,30],"tags":[],"class_list":["post-1083","post","type-post","status-publish","format-standard","has-post-thumbnail","hentry","category-competitions","category-trjv"],"yoast_head":"<!-- This site is optimized with the Yoast SEO plugin v27.4 - https:\/\/yoast.com\/product\/yoast-seo-wordpress\/ -->\n<title>TRJV 2022 #1 Chateau-Gombert - Passion VTT Venelles<\/title>\n<meta name=\"robots\" content=\"index, follow, max-snippet:-1, max-image-preview:large, max-video-preview:-1\" \/>\n<link rel=\"canonical\" href=\"https:\/\/www.passionvttvenelles.fr\/index.php\/2022\/03\/08\/trjv-2022-1-chateau-gombert\/\" \/>\n<meta property=\"og:locale\" content=\"fr_FR\" \/>\n<meta property=\"og:type\" content=\"article\" \/>\n<meta property=\"og:title\" content=\"TRJV 2022 #1 Chateau-Gombert - Passion VTT Venelles\" \/>\n<meta property=\"og:description\" content=\"Pour la premi\u00e8re manche du TRJV 2022, pas moins de 12 comp\u00e9titeurs de notre club ne sont retrouv\u00e9s sur les parcours XCO et XCE au pied du massif de l&rsquo;Etoile [&hellip;]\" \/>\n<meta property=\"og:url\" content=\"https:\/\/www.passionvttvenelles.fr\/index.php\/2022\/03\/08\/trjv-2022-1-chateau-gombert\/\" \/>\n<meta property=\"og:site_name\" content=\"Passion VTT Venelles\" \/>\n<meta property=\"article:publisher\" content=\"https:\/\/www.facebook.com\/passionvttvenelles\/\" \/>\n<meta property=\"article:published_time\" content=\"2022-03-08T19:28:00+00:00\" \/>\n<meta property=\"article:modified_time\" content=\"2024-02-09T19:24:26+00:00\" \/>\n<meta property=\"og:image\" content=\"https:\/\/www.passionvttvenelles.fr\/wp-content\/uploads\/2024\/02\/DSCF1380-scaled.jpg\" \/>\n\t<meta property=\"og:image:width\" content=\"2560\" \/>\n\t<meta property=\"og:image:height\" content=\"1707\" \/>\n\t<meta property=\"og:image:type\" content=\"image\/jpeg\" \/>\n<meta name=\"author\" content=\"Ga\u00ebl Durieux\" \/>\n<meta name=\"twitter:card\" content=\"summary_large_image\" \/>\n<meta name=\"twitter:label1\" content=\"\u00c9crit par\" \/>\n\t<meta name=\"twitter:data1\" content=\"Ga\u00ebl Durieux\" \/>\n\t<meta name=\"twitter:label2\" content=\"Dur\u00e9e de lecture estim\u00e9e\" \/>\n\t<meta name=\"twitter:data2\" content=\"1 minute\" \/>\n<script type=\"application\/ld+json\" class=\"yoast-schema-graph\">{\"@context\":\"https:\\\/\\\/schema.org\",\"@graph\":[{\"@type\":\"Article\",\"@id\":\"https:\\\/\\\/www.passionvttvenelles.fr\\\/index.php\\\/2022\\\/03\\\/08\\\/trjv-2022-1-chateau-gombert\\\/#article\",\"isPartOf\":{\"@id\":\"https:\\\/\\\/www.passionvttvenelles.fr\\\/index.php\\\/2022\\\/03\\\/08\\\/trjv-2022-1-chateau-gombert\\\/\"},\"author\":{\"name\":\"Ga\u00ebl Durieux\",\"@id\":\"https:\\\/\\\/www.passionvttvenelles.fr\\\/#\\\/schema\\\/person\\\/72543dbdbc4a299923f7e9d9b3ba59e2\"},\"headline\":\"TRJV 2022 #1 Chateau-Gombert\",\"datePublished\":\"2022-03-08T19:28:00+00:00\",\"dateModified\":\"2024-02-09T19:24:26+00:00\",\"mainEntityOfPage\":{\"@id\":\"https:\\\/\\\/www.passionvttvenelles.fr\\\/index.php\\\/2022\\\/03\\\/08\\\/trjv-2022-1-chateau-gombert\\\/\"},\"wordCount\":280,\"commentCount\":0,\"publisher\":{\"@id\":\"https:\\\/\\\/www.passionvttvenelles.fr\\\/#organization\"},\"image\":{\"@id\":\"https:\\\/\\\/www.passionvttvenelles.fr\\\/index.php\\\/2022\\\/03\\\/08\\\/trjv-2022-1-chateau-gombert\\\/#primaryimage\"},\"thumbnailUrl\":\"https:\\\/\\\/www.passionvttvenelles.fr\\\/wp-content\\\/uploads\\\/2024\\\/02\\\/DSCF1380-scaled.jpg\",\"articleSection\":[\"Comp\u00e9titions\",\"TRJV\"],\"inLanguage\":\"fr-FR\",\"potentialAction\":[{\"@type\":\"CommentAction\",\"name\":\"Comment\",\"target\":[\"https:\\\/\\\/www.passionvttvenelles.fr\\\/index.php\\\/2022\\\/03\\\/08\\\/trjv-2022-1-chateau-gombert\\\/#respond\"]}]},{\"@type\":\"WebPage\",\"@id\":\"https:\\\/\\\/www.passionvttvenelles.fr\\\/index.php\\\/2022\\\/03\\\/08\\\/trjv-2022-1-chateau-gombert\\\/\",\"url\":\"https:\\\/\\\/www.passionvttvenelles.fr\\\/index.php\\\/2022\\\/03\\\/08\\\/trjv-2022-1-chateau-gombert\\\/\",\"name\":\"TRJV 2022 #1 Chateau-Gombert - Passion VTT Venelles\",\"isPartOf\":{\"@id\":\"https:\\\/\\\/www.passionvttvenelles.fr\\\/#website\"},\"primaryImageOfPage\":{\"@id\":\"https:\\\/\\\/www.passionvttvenelles.fr\\\/index.php\\\/2022\\\/03\\\/08\\\/trjv-2022-1-chateau-gombert\\\/#primaryimage\"},\"image\":{\"@id\":\"https:\\\/\\\/www.passionvttvenelles.fr\\\/index.php\\\/2022\\\/03\\\/08\\\/trjv-2022-1-chateau-gombert\\\/#primaryimage\"},\"thumbnailUrl\":\"https:\\\/\\\/www.passionvttvenelles.fr\\\/wp-content\\\/uploads\\\/2024\\\/02\\\/DSCF1380-scaled.jpg\",\"datePublished\":\"2022-03-08T19:28:00+00:00\",\"dateModified\":\"2024-02-09T19:24:26+00:00\",\"breadcrumb\":{\"@id\":\"https:\\\/\\\/www.passionvttvenelles.fr\\\/index.php\\\/2022\\\/03\\\/08\\\/trjv-2022-1-chateau-gombert\\\/#breadcrumb\"},\"inLanguage\":\"fr-FR\",\"potentialAction\":[{\"@type\":\"ReadAction\",\"target\":[\"https:\\\/\\\/www.passionvttvenelles.fr\\\/index.php\\\/2022\\\/03\\\/08\\\/trjv-2022-1-chateau-gombert\\\/\"]}]},{\"@type\":\"ImageObject\",\"inLanguage\":\"fr-FR\",\"@id\":\"https:\\\/\\\/www.passionvttvenelles.fr\\\/index.php\\\/2022\\\/03\\\/08\\\/trjv-2022-1-chateau-gombert\\\/#primaryimage\",\"url\":\"https:\\\/\\\/www.passionvttvenelles.fr\\\/wp-content\\\/uploads\\\/2024\\\/02\\\/DSCF1380-scaled.jpg\",\"contentUrl\":\"https:\\\/\\\/www.passionvttvenelles.fr\\\/wp-content\\\/uploads\\\/2024\\\/02\\\/DSCF1380-scaled.jpg\",\"width\":2560,\"height\":1707},{\"@type\":\"BreadcrumbList\",\"@id\":\"https:\\\/\\\/www.passionvttvenelles.fr\\\/index.php\\\/2022\\\/03\\\/08\\\/trjv-2022-1-chateau-gombert\\\/#breadcrumb\",\"itemListElement\":[{\"@type\":\"ListItem\",\"position\":1,\"name\":\"Accueil\",\"item\":\"https:\\\/\\\/www.passionvttvenelles.fr\\\/\"},{\"@type\":\"ListItem\",\"position\":2,\"name\":\"TRJV 2022 #1 Chateau-Gombert\"}]},{\"@type\":\"WebSite\",\"@id\":\"https:\\\/\\\/www.passionvttvenelles.fr\\\/#website\",\"url\":\"https:\\\/\\\/www.passionvttvenelles.fr\\\/\",\"name\":\"Passion VTT Venelles\",\"description\":\"De la d\u00e9couverte au plus haut niveau\",\"publisher\":{\"@id\":\"https:\\\/\\\/www.passionvttvenelles.fr\\\/#organization\"},\"potentialAction\":[{\"@type\":\"SearchAction\",\"target\":{\"@type\":\"EntryPoint\",\"urlTemplate\":\"https:\\\/\\\/www.passionvttvenelles.fr\\\/?s={search_term_string}\"},\"query-input\":{\"@type\":\"PropertyValueSpecification\",\"valueRequired\":true,\"valueName\":\"search_term_string\"}}],\"inLanguage\":\"fr-FR\"},{\"@type\":\"Organization\",\"@id\":\"https:\\\/\\\/www.passionvttvenelles.fr\\\/#organization\",\"name\":\"Passion VTT Venelles\",\"url\":\"https:\\\/\\\/www.passionvttvenelles.fr\\\/\",\"logo\":{\"@type\":\"ImageObject\",\"inLanguage\":\"fr-FR\",\"@id\":\"https:\\\/\\\/www.passionvttvenelles.fr\\\/#\\\/schema\\\/logo\\\/image\\\/\",\"url\":\"https:\\\/\\\/www.passionvttvenelles.fr\\\/wp-content\\\/uploads\\\/2024\\\/05\\\/P-club-copie.png\",\"contentUrl\":\"https:\\\/\\\/www.passionvttvenelles.fr\\\/wp-content\\\/uploads\\\/2024\\\/05\\\/P-club-copie.png\",\"width\":700,\"height\":700,\"caption\":\"Passion VTT Venelles\"},\"image\":{\"@id\":\"https:\\\/\\\/www.passionvttvenelles.fr\\\/#\\\/schema\\\/logo\\\/image\\\/\"},\"sameAs\":[\"https:\\\/\\\/www.facebook.com\\\/passionvttvenelles\\\/\",\"https:\\\/\\\/www.instagram.com\\\/passionvttvenelles\",\"https:\\\/\\\/www.tiktok.com\\\/@passionvttvenelles\",\"https:\\\/\\\/www.youtube.com\\\/channel\\\/UCY8LWXXXy-F3c8fmwtBvw_A\"]},{\"@type\":\"Person\",\"@id\":\"https:\\\/\\\/www.passionvttvenelles.fr\\\/#\\\/schema\\\/person\\\/72543dbdbc4a299923f7e9d9b3ba59e2\",\"name\":\"Ga\u00ebl Durieux\",\"image\":{\"@type\":\"ImageObject\",\"inLanguage\":\"fr-FR\",\"@id\":\"https:\\\/\\\/secure.gravatar.com\\\/avatar\\\/cd378bc4eaf1d6b05aa967e2105ca9aaf7b4f8f84f487f875d971328934fbc9c?s=96&d=mm&r=g\",\"url\":\"https:\\\/\\\/secure.gravatar.com\\\/avatar\\\/cd378bc4eaf1d6b05aa967e2105ca9aaf7b4f8f84f487f875d971328934fbc9c?s=96&d=mm&r=g\",\"contentUrl\":\"https:\\\/\\\/secure.gravatar.com\\\/avatar\\\/cd378bc4eaf1d6b05aa967e2105ca9aaf7b4f8f84f487f875d971328934fbc9c?s=96&d=mm&r=g\",\"caption\":\"Ga\u00ebl Durieux\"},\"url\":\"https:\\\/\\\/www.passionvttvenelles.fr\\\/index.php\\\/author\\\/gaeldurieux\\\/\"}]}<\/script>\n<!-- \/ Yoast SEO plugin. -->","yoast_head_json":{"title":"TRJV 2022 #1 Chateau-Gombert - Passion VTT Venelles","robots":{"index":"index","follow":"follow","max-snippet":"max-snippet:-1","max-image-preview":"max-image-preview:large","max-video-preview":"max-video-preview:-1"},"canonical":"https:\/\/www.passionvttvenelles.fr\/index.php\/2022\/03\/08\/trjv-2022-1-chateau-gombert\/","og_locale":"fr_FR","og_type":"article","og_title":"TRJV 2022 #1 Chateau-Gombert - Passion VTT Venelles","og_description":"Pour la premi\u00e8re manche du TRJV 2022, pas moins de 12 comp\u00e9titeurs de notre club ne sont retrouv\u00e9s sur les parcours XCO et XCE au pied du massif de l&rsquo;Etoile [&hellip;]","og_url":"https:\/\/www.passionvttvenelles.fr\/index.php\/2022\/03\/08\/trjv-2022-1-chateau-gombert\/","og_site_name":"Passion VTT Venelles","article_publisher":"https:\/\/www.facebook.com\/passionvttvenelles\/","article_published_time":"2022-03-08T19:28:00+00:00","article_modified_time":"2024-02-09T19:24:26+00:00","og_image":[{"width":2560,"height":1707,"url":"https:\/\/www.passionvttvenelles.fr\/wp-content\/uploads\/2024\/02\/DSCF1380-scaled.jpg","type":"image\/jpeg"}],"author":"Ga\u00ebl Durieux","twitter_card":"summary_large_image","twitter_misc":{"\u00c9crit par":"Ga\u00ebl Durieux","Dur\u00e9e de lecture estim\u00e9e":"1 minute"},"schema":{"@context":"https:\/\/schema.org","@graph":[{"@type":"Article","@id":"https:\/\/www.passionvttvenelles.fr\/index.php\/2022\/03\/08\/trjv-2022-1-chateau-gombert\/#article","isPartOf":{"@id":"https:\/\/www.passionvttvenelles.fr\/index.php\/2022\/03\/08\/trjv-2022-1-chateau-gombert\/"},"author":{"name":"Ga\u00ebl Durieux","@id":"https:\/\/www.passionvttvenelles.fr\/#\/schema\/person\/72543dbdbc4a299923f7e9d9b3ba59e2"},"headline":"TRJV 2022 #1 Chateau-Gombert","datePublished":"2022-03-08T19:28:00+00:00","dateModified":"2024-02-09T19:24:26+00:00","mainEntityOfPage":{"@id":"https:\/\/www.passionvttvenelles.fr\/index.php\/2022\/03\/08\/trjv-2022-1-chateau-gombert\/"},"wordCount":280,"commentCount":0,"publisher":{"@id":"https:\/\/www.passionvttvenelles.fr\/#organization"},"image":{"@id":"https:\/\/www.passionvttvenelles.fr\/index.php\/2022\/03\/08\/trjv-2022-1-chateau-gombert\/#primaryimage"},"thumbnailUrl":"https:\/\/www.passionvttvenelles.fr\/wp-content\/uploads\/2024\/02\/DSCF1380-scaled.jpg","articleSection":["Comp\u00e9titions","TRJV"],"inLanguage":"fr-FR","potentialAction":[{"@type":"CommentAction","name":"Comment","target":["https:\/\/www.passionvttvenelles.fr\/index.php\/2022\/03\/08\/trjv-2022-1-chateau-gombert\/#respond"]}]},{"@type":"WebPage","@id":"https:\/\/www.passionvttvenelles.fr\/index.php\/2022\/03\/08\/trjv-2022-1-chateau-gombert\/","url":"https:\/\/www.passionvttvenelles.fr\/index.php\/2022\/03\/08\/trjv-2022-1-chateau-gombert\/","name":"TRJV 2022 #1 Chateau-Gombert - Passion VTT Venelles","isPartOf":{"@id":"https:\/\/www.passionvttvenelles.fr\/#website"},"primaryImageOfPage":{"@id":"https:\/\/www.passionvttvenelles.fr\/index.php\/2022\/03\/08\/trjv-2022-1-chateau-gombert\/#primaryimage"},"image":{"@id":"https:\/\/www.passionvttvenelles.fr\/index.php\/2022\/03\/08\/trjv-2022-1-chateau-gombert\/#primaryimage"},"thumbnailUrl":"https:\/\/www.passionvttvenelles.fr\/wp-content\/uploads\/2024\/02\/DSCF1380-scaled.jpg","datePublished":"2022-03-08T19:28:00+00:00","dateModified":"2024-02-09T19:24:26+00:00","breadcrumb":{"@id":"https:\/\/www.passionvttvenelles.fr\/index.php\/2022\/03\/08\/trjv-2022-1-chateau-gombert\/#breadcrumb"},"inLanguage":"fr-FR","potentialAction":[{"@type":"ReadAction","target":["https:\/\/www.passionvttvenelles.fr\/index.php\/2022\/03\/08\/trjv-2022-1-chateau-gombert\/"]}]},{"@type":"ImageObject","inLanguage":"fr-FR","@id":"https:\/\/www.passionvttvenelles.fr\/index.php\/2022\/03\/08\/trjv-2022-1-chateau-gombert\/#primaryimage","url":"https:\/\/www.passionvttvenelles.fr\/wp-content\/uploads\/2024\/02\/DSCF1380-scaled.jpg","contentUrl":"https:\/\/www.passionvttvenelles.fr\/wp-content\/uploads\/2024\/02\/DSCF1380-scaled.jpg","width":2560,"height":1707},{"@type":"BreadcrumbList","@id":"https:\/\/www.passionvttvenelles.fr\/index.php\/2022\/03\/08\/trjv-2022-1-chateau-gombert\/#breadcrumb","itemListElement":[{"@type":"ListItem","position":1,"name":"Accueil","item":"https:\/\/www.passionvttvenelles.fr\/"},{"@type":"ListItem","position":2,"name":"TRJV 2022 #1 Chateau-Gombert"}]},{"@type":"WebSite","@id":"https:\/\/www.passionvttvenelles.fr\/#website","url":"https:\/\/www.passionvttvenelles.fr\/","name":"Passion VTT Venelles","description":"De la d\u00e9couverte au plus haut niveau","publisher":{"@id":"https:\/\/www.passionvttvenelles.fr\/#organization"},"potentialAction":[{"@type":"SearchAction","target":{"@type":"EntryPoint","urlTemplate":"https:\/\/www.passionvttvenelles.fr\/?s={search_term_string}"},"query-input":{"@type":"PropertyValueSpecification","valueRequired":true,"valueName":"search_term_string"}}],"inLanguage":"fr-FR"},{"@type":"Organization","@id":"https:\/\/www.passionvttvenelles.fr\/#organization","name":"Passion VTT Venelles","url":"https:\/\/www.passionvttvenelles.fr\/","logo":{"@type":"ImageObject","inLanguage":"fr-FR","@id":"https:\/\/www.passionvttvenelles.fr\/#\/schema\/logo\/image\/","url":"https:\/\/www.passionvttvenelles.fr\/wp-content\/uploads\/2024\/05\/P-club-copie.png","contentUrl":"https:\/\/www.passionvttvenelles.fr\/wp-content\/uploads\/2024\/05\/P-club-copie.png","width":700,"height":700,"caption":"Passion VTT Venelles"},"image":{"@id":"https:\/\/www.passionvttvenelles.fr\/#\/schema\/logo\/image\/"},"sameAs":["https:\/\/www.facebook.com\/passionvttvenelles\/","https:\/\/www.instagram.com\/passionvttvenelles","https:\/\/www.tiktok.com\/@passionvttvenelles","https:\/\/www.youtube.com\/channel\/UCY8LWXXXy-F3c8fmwtBvw_A"]},{"@type":"Person","@id":"https:\/\/www.passionvttvenelles.fr\/#\/schema\/person\/72543dbdbc4a299923f7e9d9b3ba59e2","name":"Ga\u00ebl Durieux","image":{"@type":"ImageObject","inLanguage":"fr-FR","@id":"https:\/\/secure.gravatar.com\/avatar\/cd378bc4eaf1d6b05aa967e2105ca9aaf7b4f8f84f487f875d971328934fbc9c?s=96&d=mm&r=g","url":"https:\/\/secure.gravatar.com\/avatar\/cd378bc4eaf1d6b05aa967e2105ca9aaf7b4f8f84f487f875d971328934fbc9c?s=96&d=mm&r=g","contentUrl":"https:\/\/secure.gravatar.com\/avatar\/cd378bc4eaf1d6b05aa967e2105ca9aaf7b4f8f84f487f875d971328934fbc9c?s=96&d=mm&r=g","caption":"Ga\u00ebl Durieux"},"url":"https:\/\/www.passionvttvenelles.fr\/index.php\/author\/gaeldurieux\/"}]}},"_links":{"self":[{"href":"https:\/\/www.passionvttvenelles.fr\/index.php\/wp-json\/wp\/v2\/posts\/1083","targetHints":{"allow":["GET"]}}],"collection":[{"href":"https:\/\/www.passionvttvenelles.fr\/index.php\/wp-json\/wp\/v2\/posts"}],"about":[{"href":"https:\/\/www.passionvttvenelles.fr\/index.php\/wp-json\/wp\/v2\/types\/post"}],"author":[{"embeddable":true,"href":"https:\/\/www.passionvttvenelles.fr\/index.php\/wp-json\/wp\/v2\/users\/3"}],"replies":[{"embeddable":true,"href":"https:\/\/www.passionvttvenelles.fr\/index.php\/wp-json\/wp\/v2\/comments?post=1083"}],"version-history":[{"count":1,"href":"https:\/\/www.passionvttvenelles.fr\/index.php\/wp-json\/wp\/v2\/posts\/1083\/revisions"}],"predecessor-version":[{"id":1091,"href":"https:\/\/www.passionvttvenelles.fr\/index.php\/wp-json\/wp\/v2\/posts\/1083\/revisions\/1091"}],"wp:featuredmedia":[{"embeddable":true,"href":"https:\/\/www.passionvttvenelles.fr\/index.php\/wp-json\/wp\/v2\/media\/1085"}],"wp:attachment":[{"href":"https:\/\/www.passionvttvenelles.fr\/index.php\/wp-json\/wp\/v2\/media?parent=1083"}],"wp:term":[{"taxonomy":"category","embeddable":true,"href":"https:\/\/www.passionvttvenelles.fr\/index.php\/wp-json\/wp\/v2\/categories?post=1083"},{"taxonomy":"post_tag","embeddable":true,"href":"https:\/\/www.passionvttvenelles.fr\/index.php\/wp-json\/wp\/v2\/tags?post=1083"}],"curies":[{"name":"wp","href":"https:\/\/api.w.org\/{rel}","templated":true}]}}