{"id":1404,"date":"2019-08-27T09:35:00","date_gmt":"2019-08-27T07:35:00","guid":{"rendered":"https:\/\/www.passionvttvenelles.fr\/?p=1404"},"modified":"2024-02-10T09:38:30","modified_gmt":"2024-02-10T08:38:30","slug":"cdf-2019-xco-4-ploeuc-sur-lie","status":"publish","type":"post","link":"https:\/\/www.passionvttvenelles.fr\/index.php\/2019\/08\/27\/cdf-2019-xco-4-ploeuc-sur-lie\/","title":{"rendered":"CDF 2019 XCO #4 Ploeuc sur Lie"},"content":{"rendered":"\n<p>La finale de la Coupe de France de VTT XCO s&rsquo;est d\u00e9roul\u00e9e du 16 au 18 ao\u00fbt \u00e0 Ploeuc sur Lie, sur le m\u00eame site et dans la continuation du TFJV.<\/p>\n\n\n\n<p>Le Team Passion VTT Venelles \u00e9tait \u00e9videmment pr\u00e9sent avec des r\u00e9sultats en \u00ab\u00a0demi-teinte\u00a0\u00bb sur cette manche :<br>&#8211; en cadets, superbe victoire, la deuxi\u00e8me cette saison en CDF, pour Adrien qui enchainait apr\u00e8s sa victoire en individuel sur le TFJV, il remporte du m\u00eame coup le g\u00e9n\u00e9ral de cette coupe de France XCO cadets, une semaine et une saison exceptionnelle pour Adrien en 2019, Jules termine 7 et conclut \u00e9galement une saison exceptionnelle en terminant 9\u00e8me du g\u00e9n\u00e9ral et 1er cadet 1, Axel, moins bien sur cette fin de saison termine 11, il r\u00e9alise malgr\u00e9 tout une superbe saison \u00e9galement, il est 5 au g\u00e9n\u00e9ral, Tom, pourtant bien parti \u00e0 nouveau n&rsquo;aura finalement pas vraiment pu aller jusqu&rsquo;au bout d&rsquo;une bonne course cette ann\u00e9e puisqu&rsquo;il casse sa selle dans le dernier tour et termine finalement 33, il est quand m\u00eame 14 au g\u00e9n\u00e9ral. Une ann\u00e9e, malgr\u00e9 tout, vraiment exceptionnelle pour nos cadets en 2019.<br>&#8211; en cadettes, Eloise qui enchainait \u00e9galement apr\u00e8s le TFJV, termine 36 de cette manche Bretonne et 32 du g\u00e9n\u00e9ral de cette coupe de France XCO.<br>&#8211; en juniors, T\u00e9o, sans doute encore un peu fatigu\u00e9 de sa petite escapade au Canada 10 jours auparavant, termine 32 de cette manche, il signe quand m\u00eame une belle 9\u00e8me place au g\u00e9n\u00e9ral, Vincent apr\u00e8s un super d\u00e9but de course \u00e9tait encore 22 \u00e0 la fin du 3\u00e8me tour, avant de s&rsquo;\u00e9crouler dans le dernier, probablement victime d&rsquo;une hypo, et de terminer finalement 36, il termine 38 du g\u00e9n\u00e9ral et r\u00e9alise ainsi une des plus belle progression dans sa cat\u00e9gorie cette ann\u00e9e, Valentin, pour ce qui sera peut-\u00eatre sa derni\u00e8re Coupe de France de VTT, termine 79, il est 85 au g\u00e9n\u00e9ral, enfin Jules pas dans le coup d\u00e9s le debut de la course termine finalement 85 sur cette manche, il est 42 au g\u00e9n\u00e9ral, on retiendra surtout sa premi\u00e8re manche \u00e0 Marseille et son super Championnat de France cette saison.<br>&#8211; enfin en espoirs\/\u00e9lites, Thibaut r\u00e9ussi un bon d\u00e9but de course il est encore 30 scratch apr\u00e8s 3 tours (environ 18 en espoirs) mais il s&rsquo;\u00e9croule petit \u00e0 petit dans les 2 derniers tours et termine finalement 61 avec une belle hypo dans le dernier tour, il termine finalement 24 du classement g\u00e9n\u00e9ral dans sa cat\u00e9gorie des espoirs sur cette coupe de France 2019.<\/p>\n\n\n\n<p>Au troph\u00e9e des Teams de cette coupe de France, le Team Passion VTT Venelles termine 12\u00e8me sur cette manche bretonne et 9\u00e8me du g\u00e9n\u00e9ral au scratch avec tous les Teams de Marque. Une performance remarquable qui permet \u00e0 notre Team de se classer 4\u00e8me Team de Club et donc de conserver sa place en DN1 pour l&rsquo;ann\u00e9e prochaine.<\/p>\n\n\n\n<p>Les photos de Anne des courses juniors et cadets sont sur le facebook du Team <a href=\"https:\/\/www.facebook.com\/pg\/teampassionvttvenelles\/photos\/?tab=album&amp;album_id=2285066368421316\">ici<\/a>.<\/p>\n","protected":false},"excerpt":{"rendered":"<p>La finale de la Coupe de France de VTT XCO s&rsquo;est d\u00e9roul\u00e9e du 16 au 18 ao\u00fbt \u00e0 Ploeuc sur Lie, sur le m\u00eame site et dans la continuation du [&hellip;]<\/p>\n","protected":false},"author":2,"featured_media":1405,"comment_status":"open","ping_status":"open","sticky":false,"template":"","format":"standard","meta":{"saved_in_kubio":false,"footnotes":""},"categories":[22,26],"tags":[],"class_list":["post-1404","post","type-post","status-publish","format-standard","has-post-thumbnail","hentry","category-competitions","category-coupe-de-france"],"yoast_head":"<!-- This site is optimized with the Yoast SEO plugin v27.4 - https:\/\/yoast.com\/product\/yoast-seo-wordpress\/ -->\n<title>CDF 2019 XCO #4 Ploeuc sur Lie - Passion VTT Venelles<\/title>\n<meta name=\"robots\" content=\"index, follow, max-snippet:-1, max-image-preview:large, max-video-preview:-1\" \/>\n<link rel=\"canonical\" href=\"https:\/\/www.passionvttvenelles.fr\/index.php\/2019\/08\/27\/cdf-2019-xco-4-ploeuc-sur-lie\/\" \/>\n<meta property=\"og:locale\" content=\"fr_FR\" \/>\n<meta property=\"og:type\" content=\"article\" \/>\n<meta property=\"og:title\" content=\"CDF 2019 XCO #4 Ploeuc sur Lie - Passion VTT Venelles\" \/>\n<meta property=\"og:description\" content=\"La finale de la Coupe de France de VTT XCO s&rsquo;est d\u00e9roul\u00e9e du 16 au 18 ao\u00fbt \u00e0 Ploeuc sur Lie, sur le m\u00eame site et dans la continuation du [&hellip;]\" \/>\n<meta property=\"og:url\" content=\"https:\/\/www.passionvttvenelles.fr\/index.php\/2019\/08\/27\/cdf-2019-xco-4-ploeuc-sur-lie\/\" \/>\n<meta property=\"og:site_name\" content=\"Passion VTT Venelles\" \/>\n<meta property=\"article:publisher\" content=\"https:\/\/www.facebook.com\/passionvttvenelles\/\" \/>\n<meta property=\"article:published_time\" content=\"2019-08-27T07:35:00+00:00\" \/>\n<meta property=\"article:modified_time\" content=\"2024-02-10T08:38:30+00:00\" \/>\n<meta property=\"og:image\" content=\"https:\/\/www.passionvttvenelles.fr\/wp-content\/uploads\/2024\/02\/5d655de1931bb_PodiumCDFCadets2-1.jpg\" \/>\n\t<meta property=\"og:image:width\" content=\"1024\" \/>\n\t<meta property=\"og:image:height\" content=\"720\" \/>\n\t<meta property=\"og:image:type\" content=\"image\/jpeg\" \/>\n<meta name=\"author\" content=\"Pascal Andr\u00e9\" \/>\n<meta name=\"twitter:card\" content=\"summary_large_image\" \/>\n<meta name=\"twitter:label1\" content=\"\u00c9crit par\" \/>\n\t<meta name=\"twitter:data1\" content=\"Pascal Andr\u00e9\" \/>\n\t<meta name=\"twitter:label2\" content=\"Dur\u00e9e de lecture estim\u00e9e\" \/>\n\t<meta name=\"twitter:data2\" content=\"3 minutes\" \/>\n<script type=\"application\/ld+json\" class=\"yoast-schema-graph\">{\"@context\":\"https:\\\/\\\/schema.org\",\"@graph\":[{\"@type\":\"Article\",\"@id\":\"https:\\\/\\\/www.passionvttvenelles.fr\\\/index.php\\\/2019\\\/08\\\/27\\\/cdf-2019-xco-4-ploeuc-sur-lie\\\/#article\",\"isPartOf\":{\"@id\":\"https:\\\/\\\/www.passionvttvenelles.fr\\\/index.php\\\/2019\\\/08\\\/27\\\/cdf-2019-xco-4-ploeuc-sur-lie\\\/\"},\"author\":{\"name\":\"Pascal Andr\u00e9\",\"@id\":\"https:\\\/\\\/www.passionvttvenelles.fr\\\/#\\\/schema\\\/person\\\/f3f16c0a0292d5216b098f70d62096b7\"},\"headline\":\"CDF 2019 XCO #4 Ploeuc sur Lie\",\"datePublished\":\"2019-08-27T07:35:00+00:00\",\"dateModified\":\"2024-02-10T08:38:30+00:00\",\"mainEntityOfPage\":{\"@id\":\"https:\\\/\\\/www.passionvttvenelles.fr\\\/index.php\\\/2019\\\/08\\\/27\\\/cdf-2019-xco-4-ploeuc-sur-lie\\\/\"},\"wordCount\":524,\"commentCount\":0,\"publisher\":{\"@id\":\"https:\\\/\\\/www.passionvttvenelles.fr\\\/#organization\"},\"image\":{\"@id\":\"https:\\\/\\\/www.passionvttvenelles.fr\\\/index.php\\\/2019\\\/08\\\/27\\\/cdf-2019-xco-4-ploeuc-sur-lie\\\/#primaryimage\"},\"thumbnailUrl\":\"https:\\\/\\\/www.passionvttvenelles.fr\\\/wp-content\\\/uploads\\\/2024\\\/02\\\/5d655de1931bb_PodiumCDFCadets2-1.jpg\",\"articleSection\":[\"Comp\u00e9titions\",\"Coupe de France\"],\"inLanguage\":\"fr-FR\",\"potentialAction\":[{\"@type\":\"CommentAction\",\"name\":\"Comment\",\"target\":[\"https:\\\/\\\/www.passionvttvenelles.fr\\\/index.php\\\/2019\\\/08\\\/27\\\/cdf-2019-xco-4-ploeuc-sur-lie\\\/#respond\"]}]},{\"@type\":\"WebPage\",\"@id\":\"https:\\\/\\\/www.passionvttvenelles.fr\\\/index.php\\\/2019\\\/08\\\/27\\\/cdf-2019-xco-4-ploeuc-sur-lie\\\/\",\"url\":\"https:\\\/\\\/www.passionvttvenelles.fr\\\/index.php\\\/2019\\\/08\\\/27\\\/cdf-2019-xco-4-ploeuc-sur-lie\\\/\",\"name\":\"CDF 2019 XCO #4 Ploeuc sur Lie - Passion VTT Venelles\",\"isPartOf\":{\"@id\":\"https:\\\/\\\/www.passionvttvenelles.fr\\\/#website\"},\"primaryImageOfPage\":{\"@id\":\"https:\\\/\\\/www.passionvttvenelles.fr\\\/index.php\\\/2019\\\/08\\\/27\\\/cdf-2019-xco-4-ploeuc-sur-lie\\\/#primaryimage\"},\"image\":{\"@id\":\"https:\\\/\\\/www.passionvttvenelles.fr\\\/index.php\\\/2019\\\/08\\\/27\\\/cdf-2019-xco-4-ploeuc-sur-lie\\\/#primaryimage\"},\"thumbnailUrl\":\"https:\\\/\\\/www.passionvttvenelles.fr\\\/wp-content\\\/uploads\\\/2024\\\/02\\\/5d655de1931bb_PodiumCDFCadets2-1.jpg\",\"datePublished\":\"2019-08-27T07:35:00+00:00\",\"dateModified\":\"2024-02-10T08:38:30+00:00\",\"breadcrumb\":{\"@id\":\"https:\\\/\\\/www.passionvttvenelles.fr\\\/index.php\\\/2019\\\/08\\\/27\\\/cdf-2019-xco-4-ploeuc-sur-lie\\\/#breadcrumb\"},\"inLanguage\":\"fr-FR\",\"potentialAction\":[{\"@type\":\"ReadAction\",\"target\":[\"https:\\\/\\\/www.passionvttvenelles.fr\\\/index.php\\\/2019\\\/08\\\/27\\\/cdf-2019-xco-4-ploeuc-sur-lie\\\/\"]}]},{\"@type\":\"ImageObject\",\"inLanguage\":\"fr-FR\",\"@id\":\"https:\\\/\\\/www.passionvttvenelles.fr\\\/index.php\\\/2019\\\/08\\\/27\\\/cdf-2019-xco-4-ploeuc-sur-lie\\\/#primaryimage\",\"url\":\"https:\\\/\\\/www.passionvttvenelles.fr\\\/wp-content\\\/uploads\\\/2024\\\/02\\\/5d655de1931bb_PodiumCDFCadets2-1.jpg\",\"contentUrl\":\"https:\\\/\\\/www.passionvttvenelles.fr\\\/wp-content\\\/uploads\\\/2024\\\/02\\\/5d655de1931bb_PodiumCDFCadets2-1.jpg\",\"width\":1024,\"height\":720},{\"@type\":\"BreadcrumbList\",\"@id\":\"https:\\\/\\\/www.passionvttvenelles.fr\\\/index.php\\\/2019\\\/08\\\/27\\\/cdf-2019-xco-4-ploeuc-sur-lie\\\/#breadcrumb\",\"itemListElement\":[{\"@type\":\"ListItem\",\"position\":1,\"name\":\"Accueil\",\"item\":\"https:\\\/\\\/www.passionvttvenelles.fr\\\/\"},{\"@type\":\"ListItem\",\"position\":2,\"name\":\"CDF 2019 XCO #4 Ploeuc sur Lie\"}]},{\"@type\":\"WebSite\",\"@id\":\"https:\\\/\\\/www.passionvttvenelles.fr\\\/#website\",\"url\":\"https:\\\/\\\/www.passionvttvenelles.fr\\\/\",\"name\":\"Passion VTT Venelles\",\"description\":\"De la d\u00e9couverte au plus haut niveau\",\"publisher\":{\"@id\":\"https:\\\/\\\/www.passionvttvenelles.fr\\\/#organization\"},\"potentialAction\":[{\"@type\":\"SearchAction\",\"target\":{\"@type\":\"EntryPoint\",\"urlTemplate\":\"https:\\\/\\\/www.passionvttvenelles.fr\\\/?s={search_term_string}\"},\"query-input\":{\"@type\":\"PropertyValueSpecification\",\"valueRequired\":true,\"valueName\":\"search_term_string\"}}],\"inLanguage\":\"fr-FR\"},{\"@type\":\"Organization\",\"@id\":\"https:\\\/\\\/www.passionvttvenelles.fr\\\/#organization\",\"name\":\"Passion VTT Venelles\",\"url\":\"https:\\\/\\\/www.passionvttvenelles.fr\\\/\",\"logo\":{\"@type\":\"ImageObject\",\"inLanguage\":\"fr-FR\",\"@id\":\"https:\\\/\\\/www.passionvttvenelles.fr\\\/#\\\/schema\\\/logo\\\/image\\\/\",\"url\":\"https:\\\/\\\/www.passionvttvenelles.fr\\\/wp-content\\\/uploads\\\/2024\\\/05\\\/P-club-copie.png\",\"contentUrl\":\"https:\\\/\\\/www.passionvttvenelles.fr\\\/wp-content\\\/uploads\\\/2024\\\/05\\\/P-club-copie.png\",\"width\":700,\"height\":700,\"caption\":\"Passion VTT Venelles\"},\"image\":{\"@id\":\"https:\\\/\\\/www.passionvttvenelles.fr\\\/#\\\/schema\\\/logo\\\/image\\\/\"},\"sameAs\":[\"https:\\\/\\\/www.facebook.com\\\/passionvttvenelles\\\/\",\"https:\\\/\\\/www.instagram.com\\\/passionvttvenelles\",\"https:\\\/\\\/www.tiktok.com\\\/@passionvttvenelles\",\"https:\\\/\\\/www.youtube.com\\\/channel\\\/UCY8LWXXXy-F3c8fmwtBvw_A\"]},{\"@type\":\"Person\",\"@id\":\"https:\\\/\\\/www.passionvttvenelles.fr\\\/#\\\/schema\\\/person\\\/f3f16c0a0292d5216b098f70d62096b7\",\"name\":\"Pascal Andr\u00e9\",\"image\":{\"@type\":\"ImageObject\",\"inLanguage\":\"fr-FR\",\"@id\":\"https:\\\/\\\/secure.gravatar.com\\\/avatar\\\/ed222e79451934280bfd379d27c52de4bc726b5a4cfc2334543738b53adaf86e?s=96&d=mm&r=g\",\"url\":\"https:\\\/\\\/secure.gravatar.com\\\/avatar\\\/ed222e79451934280bfd379d27c52de4bc726b5a4cfc2334543738b53adaf86e?s=96&d=mm&r=g\",\"contentUrl\":\"https:\\\/\\\/secure.gravatar.com\\\/avatar\\\/ed222e79451934280bfd379d27c52de4bc726b5a4cfc2334543738b53adaf86e?s=96&d=mm&r=g\",\"caption\":\"Pascal Andr\u00e9\"},\"url\":\"https:\\\/\\\/www.passionvttvenelles.fr\\\/index.php\\\/author\\\/pascal\\\/\"}]}<\/script>\n<!-- \/ Yoast SEO plugin. -->","yoast_head_json":{"title":"CDF 2019 XCO #4 Ploeuc sur Lie - Passion VTT Venelles","robots":{"index":"index","follow":"follow","max-snippet":"max-snippet:-1","max-image-preview":"max-image-preview:large","max-video-preview":"max-video-preview:-1"},"canonical":"https:\/\/www.passionvttvenelles.fr\/index.php\/2019\/08\/27\/cdf-2019-xco-4-ploeuc-sur-lie\/","og_locale":"fr_FR","og_type":"article","og_title":"CDF 2019 XCO #4 Ploeuc sur Lie - Passion VTT Venelles","og_description":"La finale de la Coupe de France de VTT XCO s&rsquo;est d\u00e9roul\u00e9e du 16 au 18 ao\u00fbt \u00e0 Ploeuc sur Lie, sur le m\u00eame site et dans la continuation du [&hellip;]","og_url":"https:\/\/www.passionvttvenelles.fr\/index.php\/2019\/08\/27\/cdf-2019-xco-4-ploeuc-sur-lie\/","og_site_name":"Passion VTT Venelles","article_publisher":"https:\/\/www.facebook.com\/passionvttvenelles\/","article_published_time":"2019-08-27T07:35:00+00:00","article_modified_time":"2024-02-10T08:38:30+00:00","og_image":[{"width":1024,"height":720,"url":"https:\/\/www.passionvttvenelles.fr\/wp-content\/uploads\/2024\/02\/5d655de1931bb_PodiumCDFCadets2-1.jpg","type":"image\/jpeg"}],"author":"Pascal Andr\u00e9","twitter_card":"summary_large_image","twitter_misc":{"\u00c9crit par":"Pascal Andr\u00e9","Dur\u00e9e de lecture estim\u00e9e":"3 minutes"},"schema":{"@context":"https:\/\/schema.org","@graph":[{"@type":"Article","@id":"https:\/\/www.passionvttvenelles.fr\/index.php\/2019\/08\/27\/cdf-2019-xco-4-ploeuc-sur-lie\/#article","isPartOf":{"@id":"https:\/\/www.passionvttvenelles.fr\/index.php\/2019\/08\/27\/cdf-2019-xco-4-ploeuc-sur-lie\/"},"author":{"name":"Pascal Andr\u00e9","@id":"https:\/\/www.passionvttvenelles.fr\/#\/schema\/person\/f3f16c0a0292d5216b098f70d62096b7"},"headline":"CDF 2019 XCO #4 Ploeuc sur Lie","datePublished":"2019-08-27T07:35:00+00:00","dateModified":"2024-02-10T08:38:30+00:00","mainEntityOfPage":{"@id":"https:\/\/www.passionvttvenelles.fr\/index.php\/2019\/08\/27\/cdf-2019-xco-4-ploeuc-sur-lie\/"},"wordCount":524,"commentCount":0,"publisher":{"@id":"https:\/\/www.passionvttvenelles.fr\/#organization"},"image":{"@id":"https:\/\/www.passionvttvenelles.fr\/index.php\/2019\/08\/27\/cdf-2019-xco-4-ploeuc-sur-lie\/#primaryimage"},"thumbnailUrl":"https:\/\/www.passionvttvenelles.fr\/wp-content\/uploads\/2024\/02\/5d655de1931bb_PodiumCDFCadets2-1.jpg","articleSection":["Comp\u00e9titions","Coupe de France"],"inLanguage":"fr-FR","potentialAction":[{"@type":"CommentAction","name":"Comment","target":["https:\/\/www.passionvttvenelles.fr\/index.php\/2019\/08\/27\/cdf-2019-xco-4-ploeuc-sur-lie\/#respond"]}]},{"@type":"WebPage","@id":"https:\/\/www.passionvttvenelles.fr\/index.php\/2019\/08\/27\/cdf-2019-xco-4-ploeuc-sur-lie\/","url":"https:\/\/www.passionvttvenelles.fr\/index.php\/2019\/08\/27\/cdf-2019-xco-4-ploeuc-sur-lie\/","name":"CDF 2019 XCO #4 Ploeuc sur Lie - Passion VTT Venelles","isPartOf":{"@id":"https:\/\/www.passionvttvenelles.fr\/#website"},"primaryImageOfPage":{"@id":"https:\/\/www.passionvttvenelles.fr\/index.php\/2019\/08\/27\/cdf-2019-xco-4-ploeuc-sur-lie\/#primaryimage"},"image":{"@id":"https:\/\/www.passionvttvenelles.fr\/index.php\/2019\/08\/27\/cdf-2019-xco-4-ploeuc-sur-lie\/#primaryimage"},"thumbnailUrl":"https:\/\/www.passionvttvenelles.fr\/wp-content\/uploads\/2024\/02\/5d655de1931bb_PodiumCDFCadets2-1.jpg","datePublished":"2019-08-27T07:35:00+00:00","dateModified":"2024-02-10T08:38:30+00:00","breadcrumb":{"@id":"https:\/\/www.passionvttvenelles.fr\/index.php\/2019\/08\/27\/cdf-2019-xco-4-ploeuc-sur-lie\/#breadcrumb"},"inLanguage":"fr-FR","potentialAction":[{"@type":"ReadAction","target":["https:\/\/www.passionvttvenelles.fr\/index.php\/2019\/08\/27\/cdf-2019-xco-4-ploeuc-sur-lie\/"]}]},{"@type":"ImageObject","inLanguage":"fr-FR","@id":"https:\/\/www.passionvttvenelles.fr\/index.php\/2019\/08\/27\/cdf-2019-xco-4-ploeuc-sur-lie\/#primaryimage","url":"https:\/\/www.passionvttvenelles.fr\/wp-content\/uploads\/2024\/02\/5d655de1931bb_PodiumCDFCadets2-1.jpg","contentUrl":"https:\/\/www.passionvttvenelles.fr\/wp-content\/uploads\/2024\/02\/5d655de1931bb_PodiumCDFCadets2-1.jpg","width":1024,"height":720},{"@type":"BreadcrumbList","@id":"https:\/\/www.passionvttvenelles.fr\/index.php\/2019\/08\/27\/cdf-2019-xco-4-ploeuc-sur-lie\/#breadcrumb","itemListElement":[{"@type":"ListItem","position":1,"name":"Accueil","item":"https:\/\/www.passionvttvenelles.fr\/"},{"@type":"ListItem","position":2,"name":"CDF 2019 XCO #4 Ploeuc sur Lie"}]},{"@type":"WebSite","@id":"https:\/\/www.passionvttvenelles.fr\/#website","url":"https:\/\/www.passionvttvenelles.fr\/","name":"Passion VTT Venelles","description":"De la d\u00e9couverte au plus haut niveau","publisher":{"@id":"https:\/\/www.passionvttvenelles.fr\/#organization"},"potentialAction":[{"@type":"SearchAction","target":{"@type":"EntryPoint","urlTemplate":"https:\/\/www.passionvttvenelles.fr\/?s={search_term_string}"},"query-input":{"@type":"PropertyValueSpecification","valueRequired":true,"valueName":"search_term_string"}}],"inLanguage":"fr-FR"},{"@type":"Organization","@id":"https:\/\/www.passionvttvenelles.fr\/#organization","name":"Passion VTT Venelles","url":"https:\/\/www.passionvttvenelles.fr\/","logo":{"@type":"ImageObject","inLanguage":"fr-FR","@id":"https:\/\/www.passionvttvenelles.fr\/#\/schema\/logo\/image\/","url":"https:\/\/www.passionvttvenelles.fr\/wp-content\/uploads\/2024\/05\/P-club-copie.png","contentUrl":"https:\/\/www.passionvttvenelles.fr\/wp-content\/uploads\/2024\/05\/P-club-copie.png","width":700,"height":700,"caption":"Passion VTT Venelles"},"image":{"@id":"https:\/\/www.passionvttvenelles.fr\/#\/schema\/logo\/image\/"},"sameAs":["https:\/\/www.facebook.com\/passionvttvenelles\/","https:\/\/www.instagram.com\/passionvttvenelles","https:\/\/www.tiktok.com\/@passionvttvenelles","https:\/\/www.youtube.com\/channel\/UCY8LWXXXy-F3c8fmwtBvw_A"]},{"@type":"Person","@id":"https:\/\/www.passionvttvenelles.fr\/#\/schema\/person\/f3f16c0a0292d5216b098f70d62096b7","name":"Pascal Andr\u00e9","image":{"@type":"ImageObject","inLanguage":"fr-FR","@id":"https:\/\/secure.gravatar.com\/avatar\/ed222e79451934280bfd379d27c52de4bc726b5a4cfc2334543738b53adaf86e?s=96&d=mm&r=g","url":"https:\/\/secure.gravatar.com\/avatar\/ed222e79451934280bfd379d27c52de4bc726b5a4cfc2334543738b53adaf86e?s=96&d=mm&r=g","contentUrl":"https:\/\/secure.gravatar.com\/avatar\/ed222e79451934280bfd379d27c52de4bc726b5a4cfc2334543738b53adaf86e?s=96&d=mm&r=g","caption":"Pascal Andr\u00e9"},"url":"https:\/\/www.passionvttvenelles.fr\/index.php\/author\/pascal\/"}]}},"_links":{"self":[{"href":"https:\/\/www.passionvttvenelles.fr\/index.php\/wp-json\/wp\/v2\/posts\/1404","targetHints":{"allow":["GET"]}}],"collection":[{"href":"https:\/\/www.passionvttvenelles.fr\/index.php\/wp-json\/wp\/v2\/posts"}],"about":[{"href":"https:\/\/www.passionvttvenelles.fr\/index.php\/wp-json\/wp\/v2\/types\/post"}],"author":[{"embeddable":true,"href":"https:\/\/www.passionvttvenelles.fr\/index.php\/wp-json\/wp\/v2\/users\/2"}],"replies":[{"embeddable":true,"href":"https:\/\/www.passionvttvenelles.fr\/index.php\/wp-json\/wp\/v2\/comments?post=1404"}],"version-history":[{"count":1,"href":"https:\/\/www.passionvttvenelles.fr\/index.php\/wp-json\/wp\/v2\/posts\/1404\/revisions"}],"predecessor-version":[{"id":1406,"href":"https:\/\/www.passionvttvenelles.fr\/index.php\/wp-json\/wp\/v2\/posts\/1404\/revisions\/1406"}],"wp:featuredmedia":[{"embeddable":true,"href":"https:\/\/www.passionvttvenelles.fr\/index.php\/wp-json\/wp\/v2\/media\/1405"}],"wp:attachment":[{"href":"https:\/\/www.passionvttvenelles.fr\/index.php\/wp-json\/wp\/v2\/media?parent=1404"}],"wp:term":[{"taxonomy":"category","embeddable":true,"href":"https:\/\/www.passionvttvenelles.fr\/index.php\/wp-json\/wp\/v2\/categories?post=1404"},{"taxonomy":"post_tag","embeddable":true,"href":"https:\/\/www.passionvttvenelles.fr\/index.php\/wp-json\/wp\/v2\/tags?post=1404"}],"curies":[{"name":"wp","href":"https:\/\/api.w.org\/{rel}","templated":true}]}}