{"id":1757,"date":"2024-04-03T13:50:06","date_gmt":"2024-04-03T11:50:06","guid":{"rendered":"https:\/\/www.passionvttvenelles.fr\/?p=1757"},"modified":"2024-04-03T15:27:59","modified_gmt":"2024-04-03T13:27:59","slug":"petition-pour-un-pumptrack-a-venelles","status":"publish","type":"post","link":"https:\/\/www.passionvttvenelles.fr\/index.php\/2024\/04\/03\/petition-pour-un-pumptrack-a-venelles\/","title":{"rendered":"P\u00e9tition pour un pumptrack \u00e0 Venelles"},"content":{"rendered":"\n<p>V\u00e9ritables ph\u00e9nom\u00e8nes, les pistes de pumptrack sont particuli\u00e8rement adapt\u00e9es \u00e0 une ville comme Venelles qui souhaite conforter sa position de\u00a0<strong>\u00ab\u00a0Ville qui respire le sport\u00a0\u00bb<\/strong>\u00a0de plus en\u00a0<strong>libre acc\u00e8s<\/strong>,\u00a0<strong>abordable pour tous<\/strong>.<\/p>\n\n\n\n<p>l faut souligner que le pump track est v\u00e9ritablement&nbsp;<strong>accessible \u00e0 tous<\/strong>. En effet, d\u00e8s l\u2019\u00e2ge de 4 ou 5\u202fans, les enfants sont capables d\u2019effectuer des petits mouvements de flexion pour avancer sur la piste sans avoir \u00e0 p\u00e9daler.&nbsp;<\/p>\n\n\n\n<p>C\u2019est une activit\u00e9 physique qui d\u00e9veloppe de&nbsp;<strong>nombreuses capacit\u00e9s au niveau de la coordination et des muscles<\/strong>. Elle est int\u00e9ressante \u00e0 pratiquer \u00e0 tout \u00e2ge, id\u00e9ale pour tous les membres de la famille.&nbsp;<\/p>\n\n\n\n<p>L\u2019installation peut se faire relativement&nbsp;<strong>rapidement<\/strong>, puis les&nbsp;<strong>co\u00fbts d\u2019exploitation sont presque nuls<\/strong>.<\/p>\n\n\n\n<p>En r\u00e8gle g\u00e9n\u00e9rale, il faut compter entre&nbsp;<strong>70\u202f\u20ac et 100\u202f\u20ac par m2 de piste.<\/strong>&nbsp;Pour une piste de 500\u202fm2, cela peut revenir \u00e0 un prix situ\u00e9 entre&nbsp;<strong>35\u202f000\u202f\u20ac et 50\u202f000\u202f\u20ac<\/strong>. Il faut souligner que m\u00eame si cela peut para\u00eetre \u00e9lev\u00e9, ce co\u00fbt est&nbsp;<strong>10 \u00e0 15 \u202ffois moins \u00e9lev\u00e9<\/strong>&nbsp;que celui d\u2019une piste de BMX.<\/p>\n\n\n","protected":false},"excerpt":{"rendered":"<p>V\u00e9ritables ph\u00e9nom\u00e8nes, les pistes de pumptrack sont particuli\u00e8rement adapt\u00e9es \u00e0 une ville comme Venelles qui souhaite conforter sa position de\u00a0\u00ab\u00a0Ville qui respire le sport\u00a0\u00bb\u00a0de plus en\u00a0libre acc\u00e8s,\u00a0abordable pour tous. l [&hellip;]<\/p>\n","protected":false},"author":3,"featured_media":1758,"comment_status":"closed","ping_status":"closed","sticky":false,"template":"","format":"standard","meta":{"saved_in_kubio":false,"footnotes":""},"categories":[117],"tags":[],"class_list":["post-1757","post","type-post","status-publish","format-standard","has-post-thumbnail","hentry","category-magazine"],"yoast_head":"<!-- This site is optimized with the Yoast SEO plugin v27.4 - https:\/\/yoast.com\/product\/yoast-seo-wordpress\/ -->\n<title>P\u00e9tition pour un pumptrack \u00e0 Venelles - Passion VTT Venelles<\/title>\n<meta name=\"description\" content=\"V\u00e9ritables ph\u00e9nom\u00e8nes, les pistes de pumptrack sont particuli\u00e8rement adapt\u00e9es \u00e0 une ville comme Venelles qui souhaite conforter sa position de &quot;Ville qui respire le sport&quot; de plus en libre acc\u00e8s, abordable pour tous.\" \/>\n<meta name=\"robots\" content=\"index, follow, max-snippet:-1, max-image-preview:large, max-video-preview:-1\" \/>\n<link rel=\"canonical\" href=\"https:\/\/www.passionvttvenelles.fr\/index.php\/2024\/04\/03\/petition-pour-un-pumptrack-a-venelles\/\" \/>\n<meta property=\"og:locale\" content=\"fr_FR\" \/>\n<meta property=\"og:type\" content=\"article\" \/>\n<meta property=\"og:title\" content=\"P\u00e9tition pour un pumptrack \u00e0 Venelles - Passion VTT Venelles\" \/>\n<meta property=\"og:description\" content=\"V\u00e9ritables ph\u00e9nom\u00e8nes, les pistes de pumptrack sont particuli\u00e8rement adapt\u00e9es \u00e0 une ville comme Venelles qui souhaite conforter sa position de &quot;Ville qui respire le sport&quot; de plus en libre acc\u00e8s, abordable pour tous.\" \/>\n<meta property=\"og:url\" content=\"https:\/\/www.passionvttvenelles.fr\/index.php\/2024\/04\/03\/petition-pour-un-pumptrack-a-venelles\/\" \/>\n<meta property=\"og:site_name\" content=\"Passion VTT Venelles\" \/>\n<meta property=\"article:publisher\" content=\"https:\/\/www.facebook.com\/passionvttvenelles\/\" \/>\n<meta property=\"article:published_time\" content=\"2024-04-03T11:50:06+00:00\" \/>\n<meta property=\"article:modified_time\" content=\"2024-04-03T13:27:59+00:00\" \/>\n<meta property=\"og:image\" content=\"https:\/\/www.passionvttvenelles.fr\/wp-content\/uploads\/2024\/04\/header-51432-construction-d-un-pumptrack-58f6c-1.jpg\" \/>\n\t<meta property=\"og:image:width\" content=\"2000\" \/>\n\t<meta property=\"og:image:height\" content=\"1045\" \/>\n\t<meta property=\"og:image:type\" content=\"image\/jpeg\" \/>\n<meta name=\"author\" content=\"Ga\u00ebl Durieux\" \/>\n<meta name=\"twitter:card\" content=\"summary_large_image\" \/>\n<meta name=\"twitter:label1\" content=\"\u00c9crit par\" \/>\n\t<meta name=\"twitter:data1\" content=\"Ga\u00ebl Durieux\" \/>\n\t<meta name=\"twitter:label2\" content=\"Dur\u00e9e de lecture estim\u00e9e\" \/>\n\t<meta name=\"twitter:data2\" content=\"2 minutes\" \/>\n<script type=\"application\/ld+json\" class=\"yoast-schema-graph\">{\"@context\":\"https:\\\/\\\/schema.org\",\"@graph\":[{\"@type\":\"Article\",\"@id\":\"https:\\\/\\\/www.passionvttvenelles.fr\\\/index.php\\\/2024\\\/04\\\/03\\\/petition-pour-un-pumptrack-a-venelles\\\/#article\",\"isPartOf\":{\"@id\":\"https:\\\/\\\/www.passionvttvenelles.fr\\\/index.php\\\/2024\\\/04\\\/03\\\/petition-pour-un-pumptrack-a-venelles\\\/\"},\"author\":{\"name\":\"Ga\u00ebl Durieux\",\"@id\":\"https:\\\/\\\/www.passionvttvenelles.fr\\\/#\\\/schema\\\/person\\\/72543dbdbc4a299923f7e9d9b3ba59e2\"},\"headline\":\"P\u00e9tition pour un pumptrack \u00e0 Venelles\",\"datePublished\":\"2024-04-03T11:50:06+00:00\",\"dateModified\":\"2024-04-03T13:27:59+00:00\",\"mainEntityOfPage\":{\"@id\":\"https:\\\/\\\/www.passionvttvenelles.fr\\\/index.php\\\/2024\\\/04\\\/03\\\/petition-pour-un-pumptrack-a-venelles\\\/\"},\"wordCount\":212,\"publisher\":{\"@id\":\"https:\\\/\\\/www.passionvttvenelles.fr\\\/#organization\"},\"image\":{\"@id\":\"https:\\\/\\\/www.passionvttvenelles.fr\\\/index.php\\\/2024\\\/04\\\/03\\\/petition-pour-un-pumptrack-a-venelles\\\/#primaryimage\"},\"thumbnailUrl\":\"https:\\\/\\\/www.passionvttvenelles.fr\\\/wp-content\\\/uploads\\\/2024\\\/04\\\/header-51432-construction-d-un-pumptrack-58f6c-1.jpg\",\"articleSection\":[\"Magazine\"],\"inLanguage\":\"fr-FR\"},{\"@type\":\"WebPage\",\"@id\":\"https:\\\/\\\/www.passionvttvenelles.fr\\\/index.php\\\/2024\\\/04\\\/03\\\/petition-pour-un-pumptrack-a-venelles\\\/\",\"url\":\"https:\\\/\\\/www.passionvttvenelles.fr\\\/index.php\\\/2024\\\/04\\\/03\\\/petition-pour-un-pumptrack-a-venelles\\\/\",\"name\":\"P\u00e9tition pour un pumptrack \u00e0 Venelles - Passion VTT Venelles\",\"isPartOf\":{\"@id\":\"https:\\\/\\\/www.passionvttvenelles.fr\\\/#website\"},\"primaryImageOfPage\":{\"@id\":\"https:\\\/\\\/www.passionvttvenelles.fr\\\/index.php\\\/2024\\\/04\\\/03\\\/petition-pour-un-pumptrack-a-venelles\\\/#primaryimage\"},\"image\":{\"@id\":\"https:\\\/\\\/www.passionvttvenelles.fr\\\/index.php\\\/2024\\\/04\\\/03\\\/petition-pour-un-pumptrack-a-venelles\\\/#primaryimage\"},\"thumbnailUrl\":\"https:\\\/\\\/www.passionvttvenelles.fr\\\/wp-content\\\/uploads\\\/2024\\\/04\\\/header-51432-construction-d-un-pumptrack-58f6c-1.jpg\",\"datePublished\":\"2024-04-03T11:50:06+00:00\",\"dateModified\":\"2024-04-03T13:27:59+00:00\",\"description\":\"V\u00e9ritables ph\u00e9nom\u00e8nes, les pistes de pumptrack sont particuli\u00e8rement adapt\u00e9es \u00e0 une ville comme Venelles qui souhaite conforter sa position de \\\"Ville qui respire le sport\\\" de plus en libre acc\u00e8s, abordable pour tous.\",\"breadcrumb\":{\"@id\":\"https:\\\/\\\/www.passionvttvenelles.fr\\\/index.php\\\/2024\\\/04\\\/03\\\/petition-pour-un-pumptrack-a-venelles\\\/#breadcrumb\"},\"inLanguage\":\"fr-FR\",\"potentialAction\":[{\"@type\":\"ReadAction\",\"target\":[\"https:\\\/\\\/www.passionvttvenelles.fr\\\/index.php\\\/2024\\\/04\\\/03\\\/petition-pour-un-pumptrack-a-venelles\\\/\"]}]},{\"@type\":\"ImageObject\",\"inLanguage\":\"fr-FR\",\"@id\":\"https:\\\/\\\/www.passionvttvenelles.fr\\\/index.php\\\/2024\\\/04\\\/03\\\/petition-pour-un-pumptrack-a-venelles\\\/#primaryimage\",\"url\":\"https:\\\/\\\/www.passionvttvenelles.fr\\\/wp-content\\\/uploads\\\/2024\\\/04\\\/header-51432-construction-d-un-pumptrack-58f6c-1.jpg\",\"contentUrl\":\"https:\\\/\\\/www.passionvttvenelles.fr\\\/wp-content\\\/uploads\\\/2024\\\/04\\\/header-51432-construction-d-un-pumptrack-58f6c-1.jpg\",\"width\":2000,\"height\":1045},{\"@type\":\"BreadcrumbList\",\"@id\":\"https:\\\/\\\/www.passionvttvenelles.fr\\\/index.php\\\/2024\\\/04\\\/03\\\/petition-pour-un-pumptrack-a-venelles\\\/#breadcrumb\",\"itemListElement\":[{\"@type\":\"ListItem\",\"position\":1,\"name\":\"Accueil\",\"item\":\"https:\\\/\\\/www.passionvttvenelles.fr\\\/\"},{\"@type\":\"ListItem\",\"position\":2,\"name\":\"P\u00e9tition pour un pumptrack \u00e0 Venelles\"}]},{\"@type\":\"WebSite\",\"@id\":\"https:\\\/\\\/www.passionvttvenelles.fr\\\/#website\",\"url\":\"https:\\\/\\\/www.passionvttvenelles.fr\\\/\",\"name\":\"Passion VTT Venelles\",\"description\":\"De la d\u00e9couverte au plus haut niveau\",\"publisher\":{\"@id\":\"https:\\\/\\\/www.passionvttvenelles.fr\\\/#organization\"},\"potentialAction\":[{\"@type\":\"SearchAction\",\"target\":{\"@type\":\"EntryPoint\",\"urlTemplate\":\"https:\\\/\\\/www.passionvttvenelles.fr\\\/?s={search_term_string}\"},\"query-input\":{\"@type\":\"PropertyValueSpecification\",\"valueRequired\":true,\"valueName\":\"search_term_string\"}}],\"inLanguage\":\"fr-FR\"},{\"@type\":\"Organization\",\"@id\":\"https:\\\/\\\/www.passionvttvenelles.fr\\\/#organization\",\"name\":\"Passion VTT Venelles\",\"url\":\"https:\\\/\\\/www.passionvttvenelles.fr\\\/\",\"logo\":{\"@type\":\"ImageObject\",\"inLanguage\":\"fr-FR\",\"@id\":\"https:\\\/\\\/www.passionvttvenelles.fr\\\/#\\\/schema\\\/logo\\\/image\\\/\",\"url\":\"https:\\\/\\\/www.passionvttvenelles.fr\\\/wp-content\\\/uploads\\\/2024\\\/05\\\/P-club-copie.png\",\"contentUrl\":\"https:\\\/\\\/www.passionvttvenelles.fr\\\/wp-content\\\/uploads\\\/2024\\\/05\\\/P-club-copie.png\",\"width\":700,\"height\":700,\"caption\":\"Passion VTT Venelles\"},\"image\":{\"@id\":\"https:\\\/\\\/www.passionvttvenelles.fr\\\/#\\\/schema\\\/logo\\\/image\\\/\"},\"sameAs\":[\"https:\\\/\\\/www.facebook.com\\\/passionvttvenelles\\\/\",\"https:\\\/\\\/www.instagram.com\\\/passionvttvenelles\",\"https:\\\/\\\/www.tiktok.com\\\/@passionvttvenelles\",\"https:\\\/\\\/www.youtube.com\\\/channel\\\/UCY8LWXXXy-F3c8fmwtBvw_A\"]},{\"@type\":\"Person\",\"@id\":\"https:\\\/\\\/www.passionvttvenelles.fr\\\/#\\\/schema\\\/person\\\/72543dbdbc4a299923f7e9d9b3ba59e2\",\"name\":\"Ga\u00ebl Durieux\",\"image\":{\"@type\":\"ImageObject\",\"inLanguage\":\"fr-FR\",\"@id\":\"https:\\\/\\\/secure.gravatar.com\\\/avatar\\\/cd378bc4eaf1d6b05aa967e2105ca9aaf7b4f8f84f487f875d971328934fbc9c?s=96&d=mm&r=g\",\"url\":\"https:\\\/\\\/secure.gravatar.com\\\/avatar\\\/cd378bc4eaf1d6b05aa967e2105ca9aaf7b4f8f84f487f875d971328934fbc9c?s=96&d=mm&r=g\",\"contentUrl\":\"https:\\\/\\\/secure.gravatar.com\\\/avatar\\\/cd378bc4eaf1d6b05aa967e2105ca9aaf7b4f8f84f487f875d971328934fbc9c?s=96&d=mm&r=g\",\"caption\":\"Ga\u00ebl Durieux\"},\"url\":\"https:\\\/\\\/www.passionvttvenelles.fr\\\/index.php\\\/author\\\/gaeldurieux\\\/\"}]}<\/script>\n<!-- \/ Yoast SEO plugin. -->","yoast_head_json":{"title":"P\u00e9tition pour un pumptrack \u00e0 Venelles - Passion VTT Venelles","description":"V\u00e9ritables ph\u00e9nom\u00e8nes, les pistes de pumptrack sont particuli\u00e8rement adapt\u00e9es \u00e0 une ville comme Venelles qui souhaite conforter sa position de \"Ville qui respire le sport\" de plus en libre acc\u00e8s, abordable pour tous.","robots":{"index":"index","follow":"follow","max-snippet":"max-snippet:-1","max-image-preview":"max-image-preview:large","max-video-preview":"max-video-preview:-1"},"canonical":"https:\/\/www.passionvttvenelles.fr\/index.php\/2024\/04\/03\/petition-pour-un-pumptrack-a-venelles\/","og_locale":"fr_FR","og_type":"article","og_title":"P\u00e9tition pour un pumptrack \u00e0 Venelles - Passion VTT Venelles","og_description":"V\u00e9ritables ph\u00e9nom\u00e8nes, les pistes de pumptrack sont particuli\u00e8rement adapt\u00e9es \u00e0 une ville comme Venelles qui souhaite conforter sa position de \"Ville qui respire le sport\" de plus en libre acc\u00e8s, abordable pour tous.","og_url":"https:\/\/www.passionvttvenelles.fr\/index.php\/2024\/04\/03\/petition-pour-un-pumptrack-a-venelles\/","og_site_name":"Passion VTT Venelles","article_publisher":"https:\/\/www.facebook.com\/passionvttvenelles\/","article_published_time":"2024-04-03T11:50:06+00:00","article_modified_time":"2024-04-03T13:27:59+00:00","og_image":[{"width":2000,"height":1045,"url":"https:\/\/www.passionvttvenelles.fr\/wp-content\/uploads\/2024\/04\/header-51432-construction-d-un-pumptrack-58f6c-1.jpg","type":"image\/jpeg"}],"author":"Ga\u00ebl Durieux","twitter_card":"summary_large_image","twitter_misc":{"\u00c9crit par":"Ga\u00ebl Durieux","Dur\u00e9e de lecture estim\u00e9e":"2 minutes"},"schema":{"@context":"https:\/\/schema.org","@graph":[{"@type":"Article","@id":"https:\/\/www.passionvttvenelles.fr\/index.php\/2024\/04\/03\/petition-pour-un-pumptrack-a-venelles\/#article","isPartOf":{"@id":"https:\/\/www.passionvttvenelles.fr\/index.php\/2024\/04\/03\/petition-pour-un-pumptrack-a-venelles\/"},"author":{"name":"Ga\u00ebl Durieux","@id":"https:\/\/www.passionvttvenelles.fr\/#\/schema\/person\/72543dbdbc4a299923f7e9d9b3ba59e2"},"headline":"P\u00e9tition pour un pumptrack \u00e0 Venelles","datePublished":"2024-04-03T11:50:06+00:00","dateModified":"2024-04-03T13:27:59+00:00","mainEntityOfPage":{"@id":"https:\/\/www.passionvttvenelles.fr\/index.php\/2024\/04\/03\/petition-pour-un-pumptrack-a-venelles\/"},"wordCount":212,"publisher":{"@id":"https:\/\/www.passionvttvenelles.fr\/#organization"},"image":{"@id":"https:\/\/www.passionvttvenelles.fr\/index.php\/2024\/04\/03\/petition-pour-un-pumptrack-a-venelles\/#primaryimage"},"thumbnailUrl":"https:\/\/www.passionvttvenelles.fr\/wp-content\/uploads\/2024\/04\/header-51432-construction-d-un-pumptrack-58f6c-1.jpg","articleSection":["Magazine"],"inLanguage":"fr-FR"},{"@type":"WebPage","@id":"https:\/\/www.passionvttvenelles.fr\/index.php\/2024\/04\/03\/petition-pour-un-pumptrack-a-venelles\/","url":"https:\/\/www.passionvttvenelles.fr\/index.php\/2024\/04\/03\/petition-pour-un-pumptrack-a-venelles\/","name":"P\u00e9tition pour un pumptrack \u00e0 Venelles - Passion VTT Venelles","isPartOf":{"@id":"https:\/\/www.passionvttvenelles.fr\/#website"},"primaryImageOfPage":{"@id":"https:\/\/www.passionvttvenelles.fr\/index.php\/2024\/04\/03\/petition-pour-un-pumptrack-a-venelles\/#primaryimage"},"image":{"@id":"https:\/\/www.passionvttvenelles.fr\/index.php\/2024\/04\/03\/petition-pour-un-pumptrack-a-venelles\/#primaryimage"},"thumbnailUrl":"https:\/\/www.passionvttvenelles.fr\/wp-content\/uploads\/2024\/04\/header-51432-construction-d-un-pumptrack-58f6c-1.jpg","datePublished":"2024-04-03T11:50:06+00:00","dateModified":"2024-04-03T13:27:59+00:00","description":"V\u00e9ritables ph\u00e9nom\u00e8nes, les pistes de pumptrack sont particuli\u00e8rement adapt\u00e9es \u00e0 une ville comme Venelles qui souhaite conforter sa position de \"Ville qui respire le sport\" de plus en libre acc\u00e8s, abordable pour tous.","breadcrumb":{"@id":"https:\/\/www.passionvttvenelles.fr\/index.php\/2024\/04\/03\/petition-pour-un-pumptrack-a-venelles\/#breadcrumb"},"inLanguage":"fr-FR","potentialAction":[{"@type":"ReadAction","target":["https:\/\/www.passionvttvenelles.fr\/index.php\/2024\/04\/03\/petition-pour-un-pumptrack-a-venelles\/"]}]},{"@type":"ImageObject","inLanguage":"fr-FR","@id":"https:\/\/www.passionvttvenelles.fr\/index.php\/2024\/04\/03\/petition-pour-un-pumptrack-a-venelles\/#primaryimage","url":"https:\/\/www.passionvttvenelles.fr\/wp-content\/uploads\/2024\/04\/header-51432-construction-d-un-pumptrack-58f6c-1.jpg","contentUrl":"https:\/\/www.passionvttvenelles.fr\/wp-content\/uploads\/2024\/04\/header-51432-construction-d-un-pumptrack-58f6c-1.jpg","width":2000,"height":1045},{"@type":"BreadcrumbList","@id":"https:\/\/www.passionvttvenelles.fr\/index.php\/2024\/04\/03\/petition-pour-un-pumptrack-a-venelles\/#breadcrumb","itemListElement":[{"@type":"ListItem","position":1,"name":"Accueil","item":"https:\/\/www.passionvttvenelles.fr\/"},{"@type":"ListItem","position":2,"name":"P\u00e9tition pour un pumptrack \u00e0 Venelles"}]},{"@type":"WebSite","@id":"https:\/\/www.passionvttvenelles.fr\/#website","url":"https:\/\/www.passionvttvenelles.fr\/","name":"Passion VTT Venelles","description":"De la d\u00e9couverte au plus haut niveau","publisher":{"@id":"https:\/\/www.passionvttvenelles.fr\/#organization"},"potentialAction":[{"@type":"SearchAction","target":{"@type":"EntryPoint","urlTemplate":"https:\/\/www.passionvttvenelles.fr\/?s={search_term_string}"},"query-input":{"@type":"PropertyValueSpecification","valueRequired":true,"valueName":"search_term_string"}}],"inLanguage":"fr-FR"},{"@type":"Organization","@id":"https:\/\/www.passionvttvenelles.fr\/#organization","name":"Passion VTT Venelles","url":"https:\/\/www.passionvttvenelles.fr\/","logo":{"@type":"ImageObject","inLanguage":"fr-FR","@id":"https:\/\/www.passionvttvenelles.fr\/#\/schema\/logo\/image\/","url":"https:\/\/www.passionvttvenelles.fr\/wp-content\/uploads\/2024\/05\/P-club-copie.png","contentUrl":"https:\/\/www.passionvttvenelles.fr\/wp-content\/uploads\/2024\/05\/P-club-copie.png","width":700,"height":700,"caption":"Passion VTT Venelles"},"image":{"@id":"https:\/\/www.passionvttvenelles.fr\/#\/schema\/logo\/image\/"},"sameAs":["https:\/\/www.facebook.com\/passionvttvenelles\/","https:\/\/www.instagram.com\/passionvttvenelles","https:\/\/www.tiktok.com\/@passionvttvenelles","https:\/\/www.youtube.com\/channel\/UCY8LWXXXy-F3c8fmwtBvw_A"]},{"@type":"Person","@id":"https:\/\/www.passionvttvenelles.fr\/#\/schema\/person\/72543dbdbc4a299923f7e9d9b3ba59e2","name":"Ga\u00ebl Durieux","image":{"@type":"ImageObject","inLanguage":"fr-FR","@id":"https:\/\/secure.gravatar.com\/avatar\/cd378bc4eaf1d6b05aa967e2105ca9aaf7b4f8f84f487f875d971328934fbc9c?s=96&d=mm&r=g","url":"https:\/\/secure.gravatar.com\/avatar\/cd378bc4eaf1d6b05aa967e2105ca9aaf7b4f8f84f487f875d971328934fbc9c?s=96&d=mm&r=g","contentUrl":"https:\/\/secure.gravatar.com\/avatar\/cd378bc4eaf1d6b05aa967e2105ca9aaf7b4f8f84f487f875d971328934fbc9c?s=96&d=mm&r=g","caption":"Ga\u00ebl Durieux"},"url":"https:\/\/www.passionvttvenelles.fr\/index.php\/author\/gaeldurieux\/"}]}},"_links":{"self":[{"href":"https:\/\/www.passionvttvenelles.fr\/index.php\/wp-json\/wp\/v2\/posts\/1757","targetHints":{"allow":["GET"]}}],"collection":[{"href":"https:\/\/www.passionvttvenelles.fr\/index.php\/wp-json\/wp\/v2\/posts"}],"about":[{"href":"https:\/\/www.passionvttvenelles.fr\/index.php\/wp-json\/wp\/v2\/types\/post"}],"author":[{"embeddable":true,"href":"https:\/\/www.passionvttvenelles.fr\/index.php\/wp-json\/wp\/v2\/users\/3"}],"replies":[{"embeddable":true,"href":"https:\/\/www.passionvttvenelles.fr\/index.php\/wp-json\/wp\/v2\/comments?post=1757"}],"version-history":[{"count":1,"href":"https:\/\/www.passionvttvenelles.fr\/index.php\/wp-json\/wp\/v2\/posts\/1757\/revisions"}],"predecessor-version":[{"id":1759,"href":"https:\/\/www.passionvttvenelles.fr\/index.php\/wp-json\/wp\/v2\/posts\/1757\/revisions\/1759"}],"wp:featuredmedia":[{"embeddable":true,"href":"https:\/\/www.passionvttvenelles.fr\/index.php\/wp-json\/wp\/v2\/media\/1758"}],"wp:attachment":[{"href":"https:\/\/www.passionvttvenelles.fr\/index.php\/wp-json\/wp\/v2\/media?parent=1757"}],"wp:term":[{"taxonomy":"category","embeddable":true,"href":"https:\/\/www.passionvttvenelles.fr\/index.php\/wp-json\/wp\/v2\/categories?post=1757"},{"taxonomy":"post_tag","embeddable":true,"href":"https:\/\/www.passionvttvenelles.fr\/index.php\/wp-json\/wp\/v2\/tags?post=1757"}],"curies":[{"name":"wp","href":"https:\/\/api.w.org\/{rel}","templated":true}]}}