{"id":2778,"date":"2025-06-23T20:23:13","date_gmt":"2025-06-23T18:23:13","guid":{"rendered":"https:\/\/www.passionvttvenelles.fr\/?p=2778"},"modified":"2025-06-30T19:46:24","modified_gmt":"2025-06-30T17:46:24","slug":"destination-trjv-2026","status":"publish","type":"post","link":"https:\/\/www.passionvttvenelles.fr\/index.php\/2025\/06\/23\/destination-trjv-2026\/","title":{"rendered":"Destination TRJV 2026"},"content":{"rendered":"\n\n\n\n\n<p>Pour cette rentr\u00e9e 2025\/2026, notre club vous propose toute son expertise pour d\u00e9velopper les qualit\u00e9s des VTTistes de demain : Technique, Passion et plaisir au c\u0153ur des circuits !<\/p>\n\n\n\n<p>Venelles et ses alentours dispose d&rsquo;un terrain d&rsquo;entra\u00eenement o\u00f9 la passion rencontre la performance, et o\u00f9 chaque sortie fa\u00e7onne les comp\u00e9tences techniques des riders de la nouvelle g\u00e9n\u00e9ration.<\/p>\n\n\n\n<p>Nous vous proposons 2 s\u00e9ances de d\u00e9tection les 18 et 25 Juin \u00e0 Venelles.<\/p>\n\n\n\n<p>Au programme :<\/p>\n\n\n\n\n\n\n\n\n\n\n\n\n\n\n\n\n\n<p class=\"has-text-align-center\"><strong><a href=\"https:\/\/www.passionvttvenelles.fr\/index.php\/contact\/\">Inscription sur s\u00e9lection de l&rsquo;encadrant<\/a><\/strong><\/p>\n\n\n\n\n\n<figure class=\"wp-block-gallery has-nested-images columns-default is-cropped wp-block-gallery-1 is-layout-flex wp-block-gallery-is-layout-flex\">\n<figure class=\"wp-block-image size-large\"><img loading=\"lazy\" decoding=\"async\" width=\"1024\" height=\"683\" data-id=\"2650\" src=\"https:\/\/www.passionvttvenelles.fr\/wp-content\/uploads\/2024\/06\/DSCF9042-1024x683.jpg\" alt=\"\" class=\"wp-image-2650\" srcset=\"https:\/\/www.passionvttvenelles.fr\/wp-content\/uploads\/2024\/06\/DSCF9042-1024x683.jpg 1024w, https:\/\/www.passionvttvenelles.fr\/wp-content\/uploads\/2024\/06\/DSCF9042-300x200.jpg 300w, https:\/\/www.passionvttvenelles.fr\/wp-content\/uploads\/2024\/06\/DSCF9042-768x512.jpg 768w, https:\/\/www.passionvttvenelles.fr\/wp-content\/uploads\/2024\/06\/DSCF9042-1536x1024.jpg 1536w, https:\/\/www.passionvttvenelles.fr\/wp-content\/uploads\/2024\/06\/DSCF9042-2048x1365.jpg 2048w, https:\/\/www.passionvttvenelles.fr\/wp-content\/uploads\/2024\/06\/DSCF9042-1620x1080.jpg 1620w\" sizes=\"(max-width: 1024px) 100vw, 1024px\" \/><\/figure>\n\n\n\n<figure class=\"wp-block-image size-large\"><img loading=\"lazy\" decoding=\"async\" width=\"1024\" height=\"683\" data-id=\"2417\" src=\"https:\/\/www.passionvttvenelles.fr\/wp-content\/uploads\/2024\/05\/DSCF7921-1024x683.jpg\" alt=\"\" class=\"wp-image-2417\" srcset=\"https:\/\/www.passionvttvenelles.fr\/wp-content\/uploads\/2024\/05\/DSCF7921-1024x683.jpg 1024w, https:\/\/www.passionvttvenelles.fr\/wp-content\/uploads\/2024\/05\/DSCF7921-300x200.jpg 300w, https:\/\/www.passionvttvenelles.fr\/wp-content\/uploads\/2024\/05\/DSCF7921-768x512.jpg 768w, https:\/\/www.passionvttvenelles.fr\/wp-content\/uploads\/2024\/05\/DSCF7921-1536x1024.jpg 1536w, https:\/\/www.passionvttvenelles.fr\/wp-content\/uploads\/2024\/05\/DSCF7921-2048x1365.jpg 2048w, https:\/\/www.passionvttvenelles.fr\/wp-content\/uploads\/2024\/05\/DSCF7921-1620x1080.jpg 1620w\" sizes=\"(max-width: 1024px) 100vw, 1024px\" \/><figcaption class=\"wp-element-caption\">Axel au Trial<\/figcaption><\/figure>\n\n\n\n<figure class=\"wp-block-image size-large\"><img loading=\"lazy\" decoding=\"async\" width=\"1024\" height=\"683\" data-id=\"2183\" src=\"https:\/\/www.passionvttvenelles.fr\/wp-content\/uploads\/2024\/04\/DSCF6232-1024x683.jpg\" alt=\"\" class=\"wp-image-2183\" srcset=\"https:\/\/www.passionvttvenelles.fr\/wp-content\/uploads\/2024\/04\/DSCF6232-1024x683.jpg 1024w, https:\/\/www.passionvttvenelles.fr\/wp-content\/uploads\/2024\/04\/DSCF6232-300x200.jpg 300w, https:\/\/www.passionvttvenelles.fr\/wp-content\/uploads\/2024\/04\/DSCF6232-768x512.jpg 768w, https:\/\/www.passionvttvenelles.fr\/wp-content\/uploads\/2024\/04\/DSCF6232-1536x1024.jpg 1536w, https:\/\/www.passionvttvenelles.fr\/wp-content\/uploads\/2024\/04\/DSCF6232-1620x1080.jpg 1620w, https:\/\/www.passionvttvenelles.fr\/wp-content\/uploads\/2024\/04\/DSCF6232.jpg 1920w\" sizes=\"(max-width: 1024px) 100vw, 1024px\" \/><\/figure>\n\n\n\n<figure class=\"wp-block-image size-large\"><img loading=\"lazy\" decoding=\"async\" width=\"1024\" height=\"683\" data-id=\"1579\" src=\"https:\/\/www.passionvttvenelles.fr\/wp-content\/uploads\/2024\/03\/DSCF5029-1024x683.jpg\" alt=\"\" class=\"wp-image-1579\" srcset=\"https:\/\/www.passionvttvenelles.fr\/wp-content\/uploads\/2024\/03\/DSCF5029-1024x683.jpg 1024w, https:\/\/www.passionvttvenelles.fr\/wp-content\/uploads\/2024\/03\/DSCF5029-300x200.jpg 300w, https:\/\/www.passionvttvenelles.fr\/wp-content\/uploads\/2024\/03\/DSCF5029-768x512.jpg 768w, https:\/\/www.passionvttvenelles.fr\/wp-content\/uploads\/2024\/03\/DSCF5029-1536x1024.jpg 1536w, https:\/\/www.passionvttvenelles.fr\/wp-content\/uploads\/2024\/03\/DSCF5029-1620x1080.jpg 1620w, https:\/\/www.passionvttvenelles.fr\/wp-content\/uploads\/2024\/03\/DSCF5029.jpg 1920w\" sizes=\"(max-width: 1024px) 100vw, 1024px\" \/><\/figure>\n\n\n\n<figure class=\"wp-block-image size-large\"><img loading=\"lazy\" decoding=\"async\" width=\"1024\" height=\"576\" data-id=\"753\" src=\"https:\/\/www.passionvttvenelles.fr\/wp-content\/uploads\/2024\/02\/621b9e9ad24dc_afftfjv2018.jpg\" alt=\"\" class=\"wp-image-753\" srcset=\"https:\/\/www.passionvttvenelles.fr\/wp-content\/uploads\/2024\/02\/621b9e9ad24dc_afftfjv2018.jpg 1024w, https:\/\/www.passionvttvenelles.fr\/wp-content\/uploads\/2024\/02\/621b9e9ad24dc_afftfjv2018-300x169.jpg 300w, https:\/\/www.passionvttvenelles.fr\/wp-content\/uploads\/2024\/02\/621b9e9ad24dc_afftfjv2018-768x432.jpg 768w\" sizes=\"(max-width: 1024px) 100vw, 1024px\" \/><\/figure>\n\n\n\n<figure class=\"wp-block-image size-large\"><img loading=\"lazy\" decoding=\"async\" width=\"1024\" height=\"683\" data-id=\"2617\" src=\"https:\/\/www.passionvttvenelles.fr\/wp-content\/uploads\/2024\/06\/DSCF8746-1024x683.jpg\" alt=\"\" class=\"wp-image-2617\" srcset=\"https:\/\/www.passionvttvenelles.fr\/wp-content\/uploads\/2024\/06\/DSCF8746-1024x683.jpg 1024w, https:\/\/www.passionvttvenelles.fr\/wp-content\/uploads\/2024\/06\/DSCF8746-300x200.jpg 300w, https:\/\/www.passionvttvenelles.fr\/wp-content\/uploads\/2024\/06\/DSCF8746-768x512.jpg 768w, https:\/\/www.passionvttvenelles.fr\/wp-content\/uploads\/2024\/06\/DSCF8746-1536x1024.jpg 1536w, https:\/\/www.passionvttvenelles.fr\/wp-content\/uploads\/2024\/06\/DSCF8746-2048x1365.jpg 2048w, https:\/\/www.passionvttvenelles.fr\/wp-content\/uploads\/2024\/06\/DSCF8746-1620x1080.jpg 1620w\" sizes=\"(max-width: 1024px) 100vw, 1024px\" \/><\/figure>\n\n\n\n<figure class=\"wp-block-image size-large\"><img loading=\"lazy\" decoding=\"async\" width=\"1024\" height=\"683\" data-id=\"1722\" src=\"https:\/\/www.passionvttvenelles.fr\/wp-content\/uploads\/2024\/03\/DSCF5536-1024x683.jpg\" alt=\"\" class=\"wp-image-1722\" srcset=\"https:\/\/www.passionvttvenelles.fr\/wp-content\/uploads\/2024\/03\/DSCF5536-1024x683.jpg 1024w, https:\/\/www.passionvttvenelles.fr\/wp-content\/uploads\/2024\/03\/DSCF5536-300x200.jpg 300w, https:\/\/www.passionvttvenelles.fr\/wp-content\/uploads\/2024\/03\/DSCF5536-768x512.jpg 768w, https:\/\/www.passionvttvenelles.fr\/wp-content\/uploads\/2024\/03\/DSCF5536-1536x1024.jpg 1536w\" sizes=\"(max-width: 1024px) 100vw, 1024px\" \/><\/figure>\n\n\n\n<figure class=\"wp-block-image size-large\"><img loading=\"lazy\" decoding=\"async\" width=\"1024\" height=\"683\" data-id=\"1716\" src=\"https:\/\/www.passionvttvenelles.fr\/wp-content\/uploads\/2024\/03\/DSCF5539-1024x683.jpg\" alt=\"\" class=\"wp-image-1716\" srcset=\"https:\/\/www.passionvttvenelles.fr\/wp-content\/uploads\/2024\/03\/DSCF5539-1024x683.jpg 1024w, https:\/\/www.passionvttvenelles.fr\/wp-content\/uploads\/2024\/03\/DSCF5539-300x200.jpg 300w, https:\/\/www.passionvttvenelles.fr\/wp-content\/uploads\/2024\/03\/DSCF5539-768x512.jpg 768w, https:\/\/www.passionvttvenelles.fr\/wp-content\/uploads\/2024\/03\/DSCF5539-1536x1024.jpg 1536w\" sizes=\"(max-width: 1024px) 100vw, 1024px\" \/><\/figure>\n<\/figure>\n","protected":false},"excerpt":{"rendered":"<p>Pour cette rentr\u00e9e 2025\/2026, notre club vous propose toute son expertise pour d\u00e9velopper les qualit\u00e9s des VTTistes de demain : Technique, Passion et plaisir au c\u0153ur des circuits ! Venelles [&hellip;]<\/p>\n","protected":false},"author":3,"featured_media":2909,"comment_status":"open","ping_status":"closed","sticky":false,"template":"","format":"standard","meta":{"saved_in_kubio":false,"footnotes":""},"categories":[120,23],"tags":[],"class_list":["post-2778","post","type-post","status-publish","format-standard","has-post-thumbnail","hentry","category-adhesions-2025","category-news"],"yoast_head":"<!-- This site is optimized with the Yoast SEO plugin v27.4 - https:\/\/yoast.com\/product\/yoast-seo-wordpress\/ -->\n<title>Destination TRJV 2026 - Passion VTT Venelles<\/title>\n<meta name=\"robots\" content=\"index, follow, max-snippet:-1, max-image-preview:large, max-video-preview:-1\" \/>\n<link rel=\"canonical\" href=\"https:\/\/www.passionvttvenelles.fr\/index.php\/2025\/06\/23\/destination-trjv-2026\/\" \/>\n<meta property=\"og:locale\" content=\"fr_FR\" \/>\n<meta property=\"og:type\" content=\"article\" \/>\n<meta property=\"og:title\" content=\"Destination TRJV 2026 - Passion VTT Venelles\" \/>\n<meta property=\"og:description\" content=\"Pour cette rentr\u00e9e 2025\/2026, notre club vous propose toute son expertise pour d\u00e9velopper les qualit\u00e9s des VTTistes de demain : Technique, Passion et plaisir au c\u0153ur des circuits ! Venelles [&hellip;]\" \/>\n<meta property=\"og:url\" content=\"https:\/\/www.passionvttvenelles.fr\/index.php\/2025\/06\/23\/destination-trjv-2026\/\" \/>\n<meta property=\"og:site_name\" content=\"Passion VTT Venelles\" \/>\n<meta property=\"article:publisher\" content=\"https:\/\/www.facebook.com\/passionvttvenelles\/\" \/>\n<meta property=\"article:published_time\" content=\"2025-06-23T18:23:13+00:00\" \/>\n<meta property=\"article:modified_time\" content=\"2025-06-30T17:46:24+00:00\" \/>\n<meta property=\"og:image\" content=\"https:\/\/www.passionvttvenelles.fr\/wp-content\/uploads\/2025\/06\/Destination-TRJV-Copie-scaled.jpg\" \/>\n\t<meta property=\"og:image:width\" content=\"2048\" \/>\n\t<meta property=\"og:image:height\" content=\"2560\" \/>\n\t<meta property=\"og:image:type\" content=\"image\/jpeg\" \/>\n<meta name=\"author\" content=\"Ga\u00ebl Durieux\" \/>\n<meta name=\"twitter:card\" content=\"summary_large_image\" \/>\n<meta name=\"twitter:label1\" content=\"\u00c9crit par\" \/>\n\t<meta name=\"twitter:data1\" content=\"Ga\u00ebl Durieux\" \/>\n\t<meta name=\"twitter:label2\" content=\"Dur\u00e9e de lecture estim\u00e9e\" \/>\n\t<meta name=\"twitter:data2\" content=\"3 minutes\" \/>\n<script type=\"application\/ld+json\" class=\"yoast-schema-graph\">{\"@context\":\"https:\\\/\\\/schema.org\",\"@graph\":[{\"@type\":\"Article\",\"@id\":\"https:\\\/\\\/www.passionvttvenelles.fr\\\/index.php\\\/2025\\\/06\\\/23\\\/destination-trjv-2026\\\/#article\",\"isPartOf\":{\"@id\":\"https:\\\/\\\/www.passionvttvenelles.fr\\\/index.php\\\/2025\\\/06\\\/23\\\/destination-trjv-2026\\\/\"},\"author\":{\"name\":\"Ga\u00ebl Durieux\",\"@id\":\"https:\\\/\\\/www.passionvttvenelles.fr\\\/#\\\/schema\\\/person\\\/72543dbdbc4a299923f7e9d9b3ba59e2\"},\"headline\":\"Destination TRJV 2026\",\"datePublished\":\"2025-06-23T18:23:13+00:00\",\"dateModified\":\"2025-06-30T17:46:24+00:00\",\"mainEntityOfPage\":{\"@id\":\"https:\\\/\\\/www.passionvttvenelles.fr\\\/index.php\\\/2025\\\/06\\\/23\\\/destination-trjv-2026\\\/\"},\"wordCount\":139,\"commentCount\":0,\"publisher\":{\"@id\":\"https:\\\/\\\/www.passionvttvenelles.fr\\\/#organization\"},\"image\":{\"@id\":\"https:\\\/\\\/www.passionvttvenelles.fr\\\/index.php\\\/2025\\\/06\\\/23\\\/destination-trjv-2026\\\/#primaryimage\"},\"thumbnailUrl\":\"https:\\\/\\\/www.passionvttvenelles.fr\\\/wp-content\\\/uploads\\\/2025\\\/06\\\/Destination-TRJV-Copie-scaled.jpg\",\"articleSection\":[\"Adh\u00e9sions 2025\",\"News\"],\"inLanguage\":\"fr-FR\",\"potentialAction\":[{\"@type\":\"CommentAction\",\"name\":\"Comment\",\"target\":[\"https:\\\/\\\/www.passionvttvenelles.fr\\\/index.php\\\/2025\\\/06\\\/23\\\/destination-trjv-2026\\\/#respond\"]}]},{\"@type\":\"WebPage\",\"@id\":\"https:\\\/\\\/www.passionvttvenelles.fr\\\/index.php\\\/2025\\\/06\\\/23\\\/destination-trjv-2026\\\/\",\"url\":\"https:\\\/\\\/www.passionvttvenelles.fr\\\/index.php\\\/2025\\\/06\\\/23\\\/destination-trjv-2026\\\/\",\"name\":\"Destination TRJV 2026 - Passion VTT Venelles\",\"isPartOf\":{\"@id\":\"https:\\\/\\\/www.passionvttvenelles.fr\\\/#website\"},\"primaryImageOfPage\":{\"@id\":\"https:\\\/\\\/www.passionvttvenelles.fr\\\/index.php\\\/2025\\\/06\\\/23\\\/destination-trjv-2026\\\/#primaryimage\"},\"image\":{\"@id\":\"https:\\\/\\\/www.passionvttvenelles.fr\\\/index.php\\\/2025\\\/06\\\/23\\\/destination-trjv-2026\\\/#primaryimage\"},\"thumbnailUrl\":\"https:\\\/\\\/www.passionvttvenelles.fr\\\/wp-content\\\/uploads\\\/2025\\\/06\\\/Destination-TRJV-Copie-scaled.jpg\",\"datePublished\":\"2025-06-23T18:23:13+00:00\",\"dateModified\":\"2025-06-30T17:46:24+00:00\",\"breadcrumb\":{\"@id\":\"https:\\\/\\\/www.passionvttvenelles.fr\\\/index.php\\\/2025\\\/06\\\/23\\\/destination-trjv-2026\\\/#breadcrumb\"},\"inLanguage\":\"fr-FR\",\"potentialAction\":[{\"@type\":\"ReadAction\",\"target\":[\"https:\\\/\\\/www.passionvttvenelles.fr\\\/index.php\\\/2025\\\/06\\\/23\\\/destination-trjv-2026\\\/\"]}]},{\"@type\":\"ImageObject\",\"inLanguage\":\"fr-FR\",\"@id\":\"https:\\\/\\\/www.passionvttvenelles.fr\\\/index.php\\\/2025\\\/06\\\/23\\\/destination-trjv-2026\\\/#primaryimage\",\"url\":\"https:\\\/\\\/www.passionvttvenelles.fr\\\/wp-content\\\/uploads\\\/2025\\\/06\\\/Destination-TRJV-Copie-scaled.jpg\",\"contentUrl\":\"https:\\\/\\\/www.passionvttvenelles.fr\\\/wp-content\\\/uploads\\\/2025\\\/06\\\/Destination-TRJV-Copie-scaled.jpg\",\"width\":2048,\"height\":2560},{\"@type\":\"BreadcrumbList\",\"@id\":\"https:\\\/\\\/www.passionvttvenelles.fr\\\/index.php\\\/2025\\\/06\\\/23\\\/destination-trjv-2026\\\/#breadcrumb\",\"itemListElement\":[{\"@type\":\"ListItem\",\"position\":1,\"name\":\"Accueil\",\"item\":\"https:\\\/\\\/www.passionvttvenelles.fr\\\/\"},{\"@type\":\"ListItem\",\"position\":2,\"name\":\"Destination TRJV 2026\"}]},{\"@type\":\"WebSite\",\"@id\":\"https:\\\/\\\/www.passionvttvenelles.fr\\\/#website\",\"url\":\"https:\\\/\\\/www.passionvttvenelles.fr\\\/\",\"name\":\"Passion VTT Venelles\",\"description\":\"De la d\u00e9couverte au plus haut niveau\",\"publisher\":{\"@id\":\"https:\\\/\\\/www.passionvttvenelles.fr\\\/#organization\"},\"potentialAction\":[{\"@type\":\"SearchAction\",\"target\":{\"@type\":\"EntryPoint\",\"urlTemplate\":\"https:\\\/\\\/www.passionvttvenelles.fr\\\/?s={search_term_string}\"},\"query-input\":{\"@type\":\"PropertyValueSpecification\",\"valueRequired\":true,\"valueName\":\"search_term_string\"}}],\"inLanguage\":\"fr-FR\"},{\"@type\":\"Organization\",\"@id\":\"https:\\\/\\\/www.passionvttvenelles.fr\\\/#organization\",\"name\":\"Passion VTT Venelles\",\"url\":\"https:\\\/\\\/www.passionvttvenelles.fr\\\/\",\"logo\":{\"@type\":\"ImageObject\",\"inLanguage\":\"fr-FR\",\"@id\":\"https:\\\/\\\/www.passionvttvenelles.fr\\\/#\\\/schema\\\/logo\\\/image\\\/\",\"url\":\"https:\\\/\\\/www.passionvttvenelles.fr\\\/wp-content\\\/uploads\\\/2024\\\/05\\\/P-club-copie.png\",\"contentUrl\":\"https:\\\/\\\/www.passionvttvenelles.fr\\\/wp-content\\\/uploads\\\/2024\\\/05\\\/P-club-copie.png\",\"width\":700,\"height\":700,\"caption\":\"Passion VTT Venelles\"},\"image\":{\"@id\":\"https:\\\/\\\/www.passionvttvenelles.fr\\\/#\\\/schema\\\/logo\\\/image\\\/\"},\"sameAs\":[\"https:\\\/\\\/www.facebook.com\\\/passionvttvenelles\\\/\",\"https:\\\/\\\/www.instagram.com\\\/passionvttvenelles\",\"https:\\\/\\\/www.tiktok.com\\\/@passionvttvenelles\",\"https:\\\/\\\/www.youtube.com\\\/channel\\\/UCY8LWXXXy-F3c8fmwtBvw_A\"]},{\"@type\":\"Person\",\"@id\":\"https:\\\/\\\/www.passionvttvenelles.fr\\\/#\\\/schema\\\/person\\\/72543dbdbc4a299923f7e9d9b3ba59e2\",\"name\":\"Ga\u00ebl Durieux\",\"image\":{\"@type\":\"ImageObject\",\"inLanguage\":\"fr-FR\",\"@id\":\"https:\\\/\\\/secure.gravatar.com\\\/avatar\\\/cd378bc4eaf1d6b05aa967e2105ca9aaf7b4f8f84f487f875d971328934fbc9c?s=96&d=mm&r=g\",\"url\":\"https:\\\/\\\/secure.gravatar.com\\\/avatar\\\/cd378bc4eaf1d6b05aa967e2105ca9aaf7b4f8f84f487f875d971328934fbc9c?s=96&d=mm&r=g\",\"contentUrl\":\"https:\\\/\\\/secure.gravatar.com\\\/avatar\\\/cd378bc4eaf1d6b05aa967e2105ca9aaf7b4f8f84f487f875d971328934fbc9c?s=96&d=mm&r=g\",\"caption\":\"Ga\u00ebl Durieux\"},\"url\":\"https:\\\/\\\/www.passionvttvenelles.fr\\\/index.php\\\/author\\\/gaeldurieux\\\/\"}]}<\/script>\n<!-- \/ Yoast SEO plugin. -->","yoast_head_json":{"title":"Destination TRJV 2026 - Passion VTT Venelles","robots":{"index":"index","follow":"follow","max-snippet":"max-snippet:-1","max-image-preview":"max-image-preview:large","max-video-preview":"max-video-preview:-1"},"canonical":"https:\/\/www.passionvttvenelles.fr\/index.php\/2025\/06\/23\/destination-trjv-2026\/","og_locale":"fr_FR","og_type":"article","og_title":"Destination TRJV 2026 - Passion VTT Venelles","og_description":"Pour cette rentr\u00e9e 2025\/2026, notre club vous propose toute son expertise pour d\u00e9velopper les qualit\u00e9s des VTTistes de demain : Technique, Passion et plaisir au c\u0153ur des circuits ! Venelles [&hellip;]","og_url":"https:\/\/www.passionvttvenelles.fr\/index.php\/2025\/06\/23\/destination-trjv-2026\/","og_site_name":"Passion VTT Venelles","article_publisher":"https:\/\/www.facebook.com\/passionvttvenelles\/","article_published_time":"2025-06-23T18:23:13+00:00","article_modified_time":"2025-06-30T17:46:24+00:00","og_image":[{"width":2048,"height":2560,"url":"https:\/\/www.passionvttvenelles.fr\/wp-content\/uploads\/2025\/06\/Destination-TRJV-Copie-scaled.jpg","type":"image\/jpeg"}],"author":"Ga\u00ebl Durieux","twitter_card":"summary_large_image","twitter_misc":{"\u00c9crit par":"Ga\u00ebl Durieux","Dur\u00e9e de lecture estim\u00e9e":"3 minutes"},"schema":{"@context":"https:\/\/schema.org","@graph":[{"@type":"Article","@id":"https:\/\/www.passionvttvenelles.fr\/index.php\/2025\/06\/23\/destination-trjv-2026\/#article","isPartOf":{"@id":"https:\/\/www.passionvttvenelles.fr\/index.php\/2025\/06\/23\/destination-trjv-2026\/"},"author":{"name":"Ga\u00ebl Durieux","@id":"https:\/\/www.passionvttvenelles.fr\/#\/schema\/person\/72543dbdbc4a299923f7e9d9b3ba59e2"},"headline":"Destination TRJV 2026","datePublished":"2025-06-23T18:23:13+00:00","dateModified":"2025-06-30T17:46:24+00:00","mainEntityOfPage":{"@id":"https:\/\/www.passionvttvenelles.fr\/index.php\/2025\/06\/23\/destination-trjv-2026\/"},"wordCount":139,"commentCount":0,"publisher":{"@id":"https:\/\/www.passionvttvenelles.fr\/#organization"},"image":{"@id":"https:\/\/www.passionvttvenelles.fr\/index.php\/2025\/06\/23\/destination-trjv-2026\/#primaryimage"},"thumbnailUrl":"https:\/\/www.passionvttvenelles.fr\/wp-content\/uploads\/2025\/06\/Destination-TRJV-Copie-scaled.jpg","articleSection":["Adh\u00e9sions 2025","News"],"inLanguage":"fr-FR","potentialAction":[{"@type":"CommentAction","name":"Comment","target":["https:\/\/www.passionvttvenelles.fr\/index.php\/2025\/06\/23\/destination-trjv-2026\/#respond"]}]},{"@type":"WebPage","@id":"https:\/\/www.passionvttvenelles.fr\/index.php\/2025\/06\/23\/destination-trjv-2026\/","url":"https:\/\/www.passionvttvenelles.fr\/index.php\/2025\/06\/23\/destination-trjv-2026\/","name":"Destination TRJV 2026 - Passion VTT Venelles","isPartOf":{"@id":"https:\/\/www.passionvttvenelles.fr\/#website"},"primaryImageOfPage":{"@id":"https:\/\/www.passionvttvenelles.fr\/index.php\/2025\/06\/23\/destination-trjv-2026\/#primaryimage"},"image":{"@id":"https:\/\/www.passionvttvenelles.fr\/index.php\/2025\/06\/23\/destination-trjv-2026\/#primaryimage"},"thumbnailUrl":"https:\/\/www.passionvttvenelles.fr\/wp-content\/uploads\/2025\/06\/Destination-TRJV-Copie-scaled.jpg","datePublished":"2025-06-23T18:23:13+00:00","dateModified":"2025-06-30T17:46:24+00:00","breadcrumb":{"@id":"https:\/\/www.passionvttvenelles.fr\/index.php\/2025\/06\/23\/destination-trjv-2026\/#breadcrumb"},"inLanguage":"fr-FR","potentialAction":[{"@type":"ReadAction","target":["https:\/\/www.passionvttvenelles.fr\/index.php\/2025\/06\/23\/destination-trjv-2026\/"]}]},{"@type":"ImageObject","inLanguage":"fr-FR","@id":"https:\/\/www.passionvttvenelles.fr\/index.php\/2025\/06\/23\/destination-trjv-2026\/#primaryimage","url":"https:\/\/www.passionvttvenelles.fr\/wp-content\/uploads\/2025\/06\/Destination-TRJV-Copie-scaled.jpg","contentUrl":"https:\/\/www.passionvttvenelles.fr\/wp-content\/uploads\/2025\/06\/Destination-TRJV-Copie-scaled.jpg","width":2048,"height":2560},{"@type":"BreadcrumbList","@id":"https:\/\/www.passionvttvenelles.fr\/index.php\/2025\/06\/23\/destination-trjv-2026\/#breadcrumb","itemListElement":[{"@type":"ListItem","position":1,"name":"Accueil","item":"https:\/\/www.passionvttvenelles.fr\/"},{"@type":"ListItem","position":2,"name":"Destination TRJV 2026"}]},{"@type":"WebSite","@id":"https:\/\/www.passionvttvenelles.fr\/#website","url":"https:\/\/www.passionvttvenelles.fr\/","name":"Passion VTT Venelles","description":"De la d\u00e9couverte au plus haut niveau","publisher":{"@id":"https:\/\/www.passionvttvenelles.fr\/#organization"},"potentialAction":[{"@type":"SearchAction","target":{"@type":"EntryPoint","urlTemplate":"https:\/\/www.passionvttvenelles.fr\/?s={search_term_string}"},"query-input":{"@type":"PropertyValueSpecification","valueRequired":true,"valueName":"search_term_string"}}],"inLanguage":"fr-FR"},{"@type":"Organization","@id":"https:\/\/www.passionvttvenelles.fr\/#organization","name":"Passion VTT Venelles","url":"https:\/\/www.passionvttvenelles.fr\/","logo":{"@type":"ImageObject","inLanguage":"fr-FR","@id":"https:\/\/www.passionvttvenelles.fr\/#\/schema\/logo\/image\/","url":"https:\/\/www.passionvttvenelles.fr\/wp-content\/uploads\/2024\/05\/P-club-copie.png","contentUrl":"https:\/\/www.passionvttvenelles.fr\/wp-content\/uploads\/2024\/05\/P-club-copie.png","width":700,"height":700,"caption":"Passion VTT Venelles"},"image":{"@id":"https:\/\/www.passionvttvenelles.fr\/#\/schema\/logo\/image\/"},"sameAs":["https:\/\/www.facebook.com\/passionvttvenelles\/","https:\/\/www.instagram.com\/passionvttvenelles","https:\/\/www.tiktok.com\/@passionvttvenelles","https:\/\/www.youtube.com\/channel\/UCY8LWXXXy-F3c8fmwtBvw_A"]},{"@type":"Person","@id":"https:\/\/www.passionvttvenelles.fr\/#\/schema\/person\/72543dbdbc4a299923f7e9d9b3ba59e2","name":"Ga\u00ebl Durieux","image":{"@type":"ImageObject","inLanguage":"fr-FR","@id":"https:\/\/secure.gravatar.com\/avatar\/cd378bc4eaf1d6b05aa967e2105ca9aaf7b4f8f84f487f875d971328934fbc9c?s=96&d=mm&r=g","url":"https:\/\/secure.gravatar.com\/avatar\/cd378bc4eaf1d6b05aa967e2105ca9aaf7b4f8f84f487f875d971328934fbc9c?s=96&d=mm&r=g","contentUrl":"https:\/\/secure.gravatar.com\/avatar\/cd378bc4eaf1d6b05aa967e2105ca9aaf7b4f8f84f487f875d971328934fbc9c?s=96&d=mm&r=g","caption":"Ga\u00ebl Durieux"},"url":"https:\/\/www.passionvttvenelles.fr\/index.php\/author\/gaeldurieux\/"}]}},"_links":{"self":[{"href":"https:\/\/www.passionvttvenelles.fr\/index.php\/wp-json\/wp\/v2\/posts\/2778","targetHints":{"allow":["GET"]}}],"collection":[{"href":"https:\/\/www.passionvttvenelles.fr\/index.php\/wp-json\/wp\/v2\/posts"}],"about":[{"href":"https:\/\/www.passionvttvenelles.fr\/index.php\/wp-json\/wp\/v2\/types\/post"}],"author":[{"embeddable":true,"href":"https:\/\/www.passionvttvenelles.fr\/index.php\/wp-json\/wp\/v2\/users\/3"}],"replies":[{"embeddable":true,"href":"https:\/\/www.passionvttvenelles.fr\/index.php\/wp-json\/wp\/v2\/comments?post=2778"}],"version-history":[{"count":12,"href":"https:\/\/www.passionvttvenelles.fr\/index.php\/wp-json\/wp\/v2\/posts\/2778\/revisions"}],"predecessor-version":[{"id":2910,"href":"https:\/\/www.passionvttvenelles.fr\/index.php\/wp-json\/wp\/v2\/posts\/2778\/revisions\/2910"}],"wp:featuredmedia":[{"embeddable":true,"href":"https:\/\/www.passionvttvenelles.fr\/index.php\/wp-json\/wp\/v2\/media\/2909"}],"wp:attachment":[{"href":"https:\/\/www.passionvttvenelles.fr\/index.php\/wp-json\/wp\/v2\/media?parent=2778"}],"wp:term":[{"taxonomy":"category","embeddable":true,"href":"https:\/\/www.passionvttvenelles.fr\/index.php\/wp-json\/wp\/v2\/categories?post=2778"},{"taxonomy":"post_tag","embeddable":true,"href":"https:\/\/www.passionvttvenelles.fr\/index.php\/wp-json\/wp\/v2\/tags?post=2778"}],"curies":[{"name":"wp","href":"https:\/\/api.w.org\/{rel}","templated":true}]}}