{"id":914,"date":"2022-03-14T08:23:00","date_gmt":"2022-03-14T07:23:00","guid":{"rendered":"https:\/\/www.passionvttvenelles.fr\/?p=914"},"modified":"2024-02-09T20:24:26","modified_gmt":"2024-02-09T19:24:26","slug":"recap-2022-1-pernes-les-fontaines","status":"publish","type":"post","link":"https:\/\/www.passionvttvenelles.fr\/index.php\/2022\/03\/14\/recap-2022-1-pernes-les-fontaines\/","title":{"rendered":"REGIONSUD 2022 #1 Pernes-les-fontaines"},"content":{"rendered":"\n<p>Apr\u00e8s une reconnaisance venteuse et poussi\u00e8reuse le samedi, la pluie nous a menac\u00e9s toute la journ\u00e9e du dimanche mais nos coureurs ont pu emprunter le trac\u00e9 de Pernes-les-fontaines au sec.<\/p>\n\n\n\n<figure class=\"wp-block-image size-large\"><img loading=\"lazy\" decoding=\"async\" width=\"683\" height=\"1024\" src=\"https:\/\/www.passionvttvenelles.fr\/wp-content\/uploads\/2024\/02\/DSCF2023-1-683x1024.jpg\" alt=\"\" class=\"wp-image-915\" srcset=\"https:\/\/www.passionvttvenelles.fr\/wp-content\/uploads\/2024\/02\/DSCF2023-1-683x1024.jpg 683w, https:\/\/www.passionvttvenelles.fr\/wp-content\/uploads\/2024\/02\/DSCF2023-1-200x300.jpg 200w, https:\/\/www.passionvttvenelles.fr\/wp-content\/uploads\/2024\/02\/DSCF2023-1-768x1152.jpg 768w, https:\/\/www.passionvttvenelles.fr\/wp-content\/uploads\/2024\/02\/DSCF2023-1-1024x1536.jpg 1024w, https:\/\/www.passionvttvenelles.fr\/wp-content\/uploads\/2024\/02\/DSCF2023-1-1365x2048.jpg 1365w, https:\/\/www.passionvttvenelles.fr\/wp-content\/uploads\/2024\/02\/DSCF2023-1-720x1080.jpg 720w, https:\/\/www.passionvttvenelles.fr\/wp-content\/uploads\/2024\/02\/DSCF2023-1-scaled.jpg 1707w\" sizes=\"(max-width: 683px) 100vw, 683px\" \/><\/figure>\n\n\n\n<p>Photo : Neel et Matisse<\/p>\n\n\n\n<p>La 1\u00e8re manche de la coupe r\u00e9gion SUD 2022 a vu nos 26 engag\u00e9s en d\u00e9coudre sur un circuit tr\u00e8s technique avec 2 belles mont\u00e9es raides.<\/p>\n\n\n\n<figure class=\"wp-block-image size-large\"><img loading=\"lazy\" decoding=\"async\" width=\"683\" height=\"1024\" src=\"https:\/\/www.passionvttvenelles.fr\/wp-content\/uploads\/2024\/02\/DSCF2178-683x1024.jpg\" alt=\"\" class=\"wp-image-916\" srcset=\"https:\/\/www.passionvttvenelles.fr\/wp-content\/uploads\/2024\/02\/DSCF2178-683x1024.jpg 683w, https:\/\/www.passionvttvenelles.fr\/wp-content\/uploads\/2024\/02\/DSCF2178-200x300.jpg 200w, https:\/\/www.passionvttvenelles.fr\/wp-content\/uploads\/2024\/02\/DSCF2178-768x1152.jpg 768w, https:\/\/www.passionvttvenelles.fr\/wp-content\/uploads\/2024\/02\/DSCF2178-1024x1536.jpg 1024w, https:\/\/www.passionvttvenelles.fr\/wp-content\/uploads\/2024\/02\/DSCF2178-scaled.jpg 1707w\" sizes=\"(max-width: 683px) 100vw, 683px\" \/><\/figure>\n\n\n\n<p>Photo : Vincent<\/p>\n\n\n\n<p>Une fois de plus les filles sont \u00e0 l&rsquo;honneur avec Cl\u00e9mence et Elise qui sont mont\u00e9es sur la plus haute marche du podium.<\/p>\n\n\n\n<figure class=\"wp-block-image size-large\"><img loading=\"lazy\" decoding=\"async\" width=\"1024\" height=\"683\" src=\"https:\/\/www.passionvttvenelles.fr\/wp-content\/uploads\/2024\/02\/DSCF1652-1024x683.jpg\" alt=\"\" class=\"wp-image-917\" srcset=\"https:\/\/www.passionvttvenelles.fr\/wp-content\/uploads\/2024\/02\/DSCF1652-1024x683.jpg 1024w, https:\/\/www.passionvttvenelles.fr\/wp-content\/uploads\/2024\/02\/DSCF1652-300x200.jpg 300w, https:\/\/www.passionvttvenelles.fr\/wp-content\/uploads\/2024\/02\/DSCF1652-768x512.jpg 768w, https:\/\/www.passionvttvenelles.fr\/wp-content\/uploads\/2024\/02\/DSCF1652-1536x1024.jpg 1536w, https:\/\/www.passionvttvenelles.fr\/wp-content\/uploads\/2024\/02\/DSCF1652-2048x1366.jpg 2048w, https:\/\/www.passionvttvenelles.fr\/wp-content\/uploads\/2024\/02\/DSCF1652-1620x1080.jpg 1620w\" sizes=\"(max-width: 1024px) 100vw, 1024px\" \/><\/figure>\n\n\n\n<p>Photo : Elise<\/p>\n\n\n\n<p>Beaucoup d&rsquo;exp\u00e9rience acquise au cours de cette journ\u00e9e qui a vu les premiers tours de roue en comp\u00e9tition sous nos couleurs de Camille en poussins, Luc en juniors, Damien en Master 35, Cyril et Yann en Master 40.<\/p>\n\n\n\n<p><a href=\"http:\/\/www.ffcpaca.fr\/resultats-vtt\/\" target=\"_blank\" rel=\"noreferrer noopener\">R\u00e9sultats de la journ\u00e9e<\/a> (26 participants) :<\/p>\n\n\n\n<ul class=\"wp-block-list\">\n<li>En poussins, Camille 14e,<\/li>\n\n\n\n<li>En pupilles G, Axel 7e, Sacha 21e,<\/li>\n\n\n\n<li>En pupilles F, Cl\u00e9mence 1\u00e8re,<\/li>\n\n\n\n<li>En benjamins, Pablo 17e, Eliot 27e,<\/li>\n\n\n\n<li>En minimes,&nbsp;Neel 4e, Zian 6e, Sacha 9e, Julian 13e, Matisse 18e,<\/li>\n\n\n\n<li>En cadets Justin 9e, Th\u00e9o 10e, Adan 21e, Romain 24e,<\/li>\n\n\n\n<li>En cadettes Elise 1\u00e8re,<\/li>\n\n\n\n<li>En juniors, Luc 2e, Adrien 7e,<\/li>\n\n\n\n<li>En espoirs, Vincent 8e, Victor 13e, Matthias Abandon,<\/li>\n\n\n\n<li>En s\u00e9niors D, Lucille 4e,<\/li>\n\n\n\n<li>En MASTER 35, Damien 7e,<\/li>\n\n\n\n<li>En MASTER 40, Olivier 6e, Yann 8e, Cyril 22e,<\/li>\n<\/ul>\n\n\n\n<figure class=\"wp-block-image size-large\"><img loading=\"lazy\" decoding=\"async\" width=\"683\" height=\"1024\" src=\"https:\/\/www.passionvttvenelles.fr\/wp-content\/uploads\/2024\/02\/DSCF1923-683x1024.jpg\" alt=\"\" class=\"wp-image-918\" srcset=\"https:\/\/www.passionvttvenelles.fr\/wp-content\/uploads\/2024\/02\/DSCF1923-683x1024.jpg 683w, https:\/\/www.passionvttvenelles.fr\/wp-content\/uploads\/2024\/02\/DSCF1923-200x300.jpg 200w, https:\/\/www.passionvttvenelles.fr\/wp-content\/uploads\/2024\/02\/DSCF1923-768x1152.jpg 768w, https:\/\/www.passionvttvenelles.fr\/wp-content\/uploads\/2024\/02\/DSCF1923-1024x1536.jpg 1024w, https:\/\/www.passionvttvenelles.fr\/wp-content\/uploads\/2024\/02\/DSCF1923-scaled.jpg 1707w\" sizes=\"(max-width: 683px) 100vw, 683px\" \/><\/figure>\n\n\n\n<p>Photo : Cyril<\/p>\n\n\n\n<figure class=\"wp-block-image size-large\"><img loading=\"lazy\" decoding=\"async\" width=\"1024\" height=\"683\" src=\"https:\/\/www.passionvttvenelles.fr\/wp-content\/uploads\/2024\/02\/DSCF1640-1024x683.jpg\" alt=\"\" class=\"wp-image-919\" srcset=\"https:\/\/www.passionvttvenelles.fr\/wp-content\/uploads\/2024\/02\/DSCF1640-1024x683.jpg 1024w, https:\/\/www.passionvttvenelles.fr\/wp-content\/uploads\/2024\/02\/DSCF1640-300x200.jpg 300w, https:\/\/www.passionvttvenelles.fr\/wp-content\/uploads\/2024\/02\/DSCF1640-768x512.jpg 768w, https:\/\/www.passionvttvenelles.fr\/wp-content\/uploads\/2024\/02\/DSCF1640-1536x1024.jpg 1536w\" sizes=\"(max-width: 1024px) 100vw, 1024px\" \/><\/figure>\n\n\n\n<p>Photo : Adan<\/p>\n\n\n\n<figure class=\"wp-block-image size-large\"><img loading=\"lazy\" decoding=\"async\" width=\"1024\" height=\"683\" src=\"https:\/\/www.passionvttvenelles.fr\/wp-content\/uploads\/2024\/02\/DSCF1740-1024x683.jpg\" alt=\"\" class=\"wp-image-920\" srcset=\"https:\/\/www.passionvttvenelles.fr\/wp-content\/uploads\/2024\/02\/DSCF1740-1024x683.jpg 1024w, https:\/\/www.passionvttvenelles.fr\/wp-content\/uploads\/2024\/02\/DSCF1740-300x200.jpg 300w, https:\/\/www.passionvttvenelles.fr\/wp-content\/uploads\/2024\/02\/DSCF1740-768x512.jpg 768w, https:\/\/www.passionvttvenelles.fr\/wp-content\/uploads\/2024\/02\/DSCF1740-1536x1024.jpg 1536w\" sizes=\"(max-width: 1024px) 100vw, 1024px\" \/><\/figure>\n\n\n\n<p>Photo : Julian<\/p>\n\n\n\n<figure class=\"wp-block-image size-large\"><img loading=\"lazy\" decoding=\"async\" width=\"1024\" height=\"683\" src=\"https:\/\/www.passionvttvenelles.fr\/wp-content\/uploads\/2024\/02\/DSCF1948-1024x683.jpg\" alt=\"\" class=\"wp-image-921\" srcset=\"https:\/\/www.passionvttvenelles.fr\/wp-content\/uploads\/2024\/02\/DSCF1948-1024x683.jpg 1024w, https:\/\/www.passionvttvenelles.fr\/wp-content\/uploads\/2024\/02\/DSCF1948-300x200.jpg 300w, https:\/\/www.passionvttvenelles.fr\/wp-content\/uploads\/2024\/02\/DSCF1948-768x512.jpg 768w, https:\/\/www.passionvttvenelles.fr\/wp-content\/uploads\/2024\/02\/DSCF1948-1536x1024.jpg 1536w, https:\/\/www.passionvttvenelles.fr\/wp-content\/uploads\/2024\/02\/DSCF1948-2048x1365.jpg 2048w, https:\/\/www.passionvttvenelles.fr\/wp-content\/uploads\/2024\/02\/DSCF1948-1620x1080.jpg 1620w\" sizes=\"(max-width: 1024px) 100vw, 1024px\" \/><\/figure>\n\n\n\n<p>Photo : Adrien<\/p>\n\n\n\n<p>Merci \u00e0 nos fid\u00e8les partenaires :<\/p>\n\n\n\n<ul class=\"wp-block-list\">\n<li><a href=\"https:\/\/www.veloattitudes.fr\/\" target=\"_blank\" rel=\"noreferrer noopener\">V\u00e9lo Attitudes \u00e0 Venelles<\/a><\/li>\n\n\n\n<li><a href=\"https:\/\/4-42-suspensions.com\/\" target=\"_blank\" rel=\"noreferrer noopener\">442 Suspensions<\/a><\/li>\n\n\n\n<li><a href=\"http:\/\/adcomprovence.fr\/\" target=\"_blank\" rel=\"noreferrer noopener\">Pano Aix<\/a><\/li>\n\n\n\n<li><a href=\"https:\/\/www.irrijardin.fr\/magasins\/sud-est\/aix-en-provence\/\" target=\"_blank\" rel=\"noreferrer noopener\">Irrijardin \u00e0 Venelles<\/a><\/li>\n\n\n\n<li><a href=\"https:\/\/www.venelles.fr\/\" target=\"_blank\" rel=\"noreferrer noopener\">Ville de Venelles<\/a><\/li>\n\n\n\n<li><a href=\"https:\/\/www.maregionsud.fr\/\" target=\"_blank\" rel=\"noreferrer noopener\">Ma r\u00e9gion SUD<\/a><\/li>\n\n\n\n<li><a href=\"https:\/\/www.duke-racingwheels.com\/\" target=\"_blank\" rel=\"noreferrer noopener\">Duke<\/a><\/li>\n<\/ul>\n\n\n\n<figure class=\"wp-block-image size-large\"><img loading=\"lazy\" decoding=\"async\" width=\"1024\" height=\"156\" src=\"https:\/\/www.passionvttvenelles.fr\/wp-content\/uploads\/2024\/02\/Fond-Story-copie-2-1024x156.png\" alt=\"\" class=\"wp-image-876\" srcset=\"https:\/\/www.passionvttvenelles.fr\/wp-content\/uploads\/2024\/02\/Fond-Story-copie-2-1024x156.png 1024w, https:\/\/www.passionvttvenelles.fr\/wp-content\/uploads\/2024\/02\/Fond-Story-copie-2-300x46.png 300w, https:\/\/www.passionvttvenelles.fr\/wp-content\/uploads\/2024\/02\/Fond-Story-copie-2-768x117.png 768w, https:\/\/www.passionvttvenelles.fr\/wp-content\/uploads\/2024\/02\/Fond-Story-copie-2.png 1069w\" sizes=\"(max-width: 1024px) 100vw, 1024px\" \/><\/figure>\n","protected":false},"excerpt":{"rendered":"<p>Apr\u00e8s une reconnaisance venteuse et poussi\u00e8reuse le samedi, la pluie nous a menac\u00e9s toute la journ\u00e9e du dimanche mais nos coureurs ont pu emprunter le trac\u00e9 de Pernes-les-fontaines au sec. [&hellip;]<\/p>\n","protected":false},"author":3,"featured_media":920,"comment_status":"open","ping_status":"open","sticky":false,"template":"","format":"standard","meta":{"saved_in_kubio":false,"footnotes":""},"categories":[22,25],"tags":[17,15,16,14,12,13,32],"class_list":["post-914","post","type-post","status-publish","format-standard","has-post-thumbnail","hentry","category-competitions","category-xco-region-sud","tag-crosscountry","tag-mountainbike","tag-mtblife","tag-venelles","tag-vtt","tag-vttxco","tag-xco-region-sud"],"yoast_head":"<!-- This site is optimized with the Yoast SEO plugin v27.4 - https:\/\/yoast.com\/product\/yoast-seo-wordpress\/ -->\n<title>REGIONSUD 2022 #1 Pernes-les-fontaines - Passion VTT Venelles<\/title>\n<meta name=\"robots\" content=\"index, follow, max-snippet:-1, max-image-preview:large, max-video-preview:-1\" \/>\n<link rel=\"canonical\" href=\"https:\/\/www.passionvttvenelles.fr\/index.php\/2022\/03\/14\/recap-2022-1-pernes-les-fontaines\/\" \/>\n<meta property=\"og:locale\" content=\"fr_FR\" \/>\n<meta property=\"og:type\" content=\"article\" \/>\n<meta property=\"og:title\" content=\"REGIONSUD 2022 #1 Pernes-les-fontaines - Passion VTT Venelles\" \/>\n<meta property=\"og:description\" content=\"Apr\u00e8s une reconnaisance venteuse et poussi\u00e8reuse le samedi, la pluie nous a menac\u00e9s toute la journ\u00e9e du dimanche mais nos coureurs ont pu emprunter le trac\u00e9 de Pernes-les-fontaines au sec. [&hellip;]\" \/>\n<meta property=\"og:url\" content=\"https:\/\/www.passionvttvenelles.fr\/index.php\/2022\/03\/14\/recap-2022-1-pernes-les-fontaines\/\" \/>\n<meta property=\"og:site_name\" content=\"Passion VTT Venelles\" \/>\n<meta property=\"article:publisher\" content=\"https:\/\/www.facebook.com\/passionvttvenelles\/\" \/>\n<meta property=\"article:published_time\" content=\"2022-03-14T07:23:00+00:00\" \/>\n<meta property=\"article:modified_time\" content=\"2024-02-09T19:24:26+00:00\" \/>\n<meta property=\"og:image\" content=\"https:\/\/www.passionvttvenelles.fr\/wp-content\/uploads\/2024\/02\/DSCF1740-scaled.jpg\" \/>\n\t<meta property=\"og:image:width\" content=\"2560\" \/>\n\t<meta property=\"og:image:height\" content=\"1707\" \/>\n\t<meta property=\"og:image:type\" content=\"image\/jpeg\" \/>\n<meta name=\"author\" content=\"Ga\u00ebl Durieux\" \/>\n<meta name=\"twitter:card\" content=\"summary_large_image\" \/>\n<meta name=\"twitter:label1\" content=\"\u00c9crit par\" \/>\n\t<meta name=\"twitter:data1\" content=\"Ga\u00ebl Durieux\" \/>\n\t<meta name=\"twitter:label2\" content=\"Dur\u00e9e de lecture estim\u00e9e\" \/>\n\t<meta name=\"twitter:data2\" content=\"1 minute\" \/>\n<script type=\"application\/ld+json\" class=\"yoast-schema-graph\">{\"@context\":\"https:\\\/\\\/schema.org\",\"@graph\":[{\"@type\":\"Article\",\"@id\":\"https:\\\/\\\/www.passionvttvenelles.fr\\\/index.php\\\/2022\\\/03\\\/14\\\/recap-2022-1-pernes-les-fontaines\\\/#article\",\"isPartOf\":{\"@id\":\"https:\\\/\\\/www.passionvttvenelles.fr\\\/index.php\\\/2022\\\/03\\\/14\\\/recap-2022-1-pernes-les-fontaines\\\/\"},\"author\":{\"name\":\"Ga\u00ebl Durieux\",\"@id\":\"https:\\\/\\\/www.passionvttvenelles.fr\\\/#\\\/schema\\\/person\\\/72543dbdbc4a299923f7e9d9b3ba59e2\"},\"headline\":\"REGIONSUD 2022 #1 Pernes-les-fontaines\",\"datePublished\":\"2022-03-14T07:23:00+00:00\",\"dateModified\":\"2024-02-09T19:24:26+00:00\",\"mainEntityOfPage\":{\"@id\":\"https:\\\/\\\/www.passionvttvenelles.fr\\\/index.php\\\/2022\\\/03\\\/14\\\/recap-2022-1-pernes-les-fontaines\\\/\"},\"wordCount\":257,\"commentCount\":0,\"publisher\":{\"@id\":\"https:\\\/\\\/www.passionvttvenelles.fr\\\/#organization\"},\"image\":{\"@id\":\"https:\\\/\\\/www.passionvttvenelles.fr\\\/index.php\\\/2022\\\/03\\\/14\\\/recap-2022-1-pernes-les-fontaines\\\/#primaryimage\"},\"thumbnailUrl\":\"https:\\\/\\\/www.passionvttvenelles.fr\\\/wp-content\\\/uploads\\\/2024\\\/02\\\/DSCF1740-scaled.jpg\",\"keywords\":[\"crosscountry\",\"mountainbike\",\"mtblife\",\"venelles\",\"vtt\",\"vttxco\",\"xco region sud\"],\"articleSection\":[\"Comp\u00e9titions\",\"XCO R\u00e9gion Sud \\\/ PACA\"],\"inLanguage\":\"fr-FR\",\"potentialAction\":[{\"@type\":\"CommentAction\",\"name\":\"Comment\",\"target\":[\"https:\\\/\\\/www.passionvttvenelles.fr\\\/index.php\\\/2022\\\/03\\\/14\\\/recap-2022-1-pernes-les-fontaines\\\/#respond\"]}]},{\"@type\":\"WebPage\",\"@id\":\"https:\\\/\\\/www.passionvttvenelles.fr\\\/index.php\\\/2022\\\/03\\\/14\\\/recap-2022-1-pernes-les-fontaines\\\/\",\"url\":\"https:\\\/\\\/www.passionvttvenelles.fr\\\/index.php\\\/2022\\\/03\\\/14\\\/recap-2022-1-pernes-les-fontaines\\\/\",\"name\":\"REGIONSUD 2022 #1 Pernes-les-fontaines - Passion VTT Venelles\",\"isPartOf\":{\"@id\":\"https:\\\/\\\/www.passionvttvenelles.fr\\\/#website\"},\"primaryImageOfPage\":{\"@id\":\"https:\\\/\\\/www.passionvttvenelles.fr\\\/index.php\\\/2022\\\/03\\\/14\\\/recap-2022-1-pernes-les-fontaines\\\/#primaryimage\"},\"image\":{\"@id\":\"https:\\\/\\\/www.passionvttvenelles.fr\\\/index.php\\\/2022\\\/03\\\/14\\\/recap-2022-1-pernes-les-fontaines\\\/#primaryimage\"},\"thumbnailUrl\":\"https:\\\/\\\/www.passionvttvenelles.fr\\\/wp-content\\\/uploads\\\/2024\\\/02\\\/DSCF1740-scaled.jpg\",\"datePublished\":\"2022-03-14T07:23:00+00:00\",\"dateModified\":\"2024-02-09T19:24:26+00:00\",\"breadcrumb\":{\"@id\":\"https:\\\/\\\/www.passionvttvenelles.fr\\\/index.php\\\/2022\\\/03\\\/14\\\/recap-2022-1-pernes-les-fontaines\\\/#breadcrumb\"},\"inLanguage\":\"fr-FR\",\"potentialAction\":[{\"@type\":\"ReadAction\",\"target\":[\"https:\\\/\\\/www.passionvttvenelles.fr\\\/index.php\\\/2022\\\/03\\\/14\\\/recap-2022-1-pernes-les-fontaines\\\/\"]}]},{\"@type\":\"ImageObject\",\"inLanguage\":\"fr-FR\",\"@id\":\"https:\\\/\\\/www.passionvttvenelles.fr\\\/index.php\\\/2022\\\/03\\\/14\\\/recap-2022-1-pernes-les-fontaines\\\/#primaryimage\",\"url\":\"https:\\\/\\\/www.passionvttvenelles.fr\\\/wp-content\\\/uploads\\\/2024\\\/02\\\/DSCF1740-scaled.jpg\",\"contentUrl\":\"https:\\\/\\\/www.passionvttvenelles.fr\\\/wp-content\\\/uploads\\\/2024\\\/02\\\/DSCF1740-scaled.jpg\",\"width\":2560,\"height\":1707},{\"@type\":\"BreadcrumbList\",\"@id\":\"https:\\\/\\\/www.passionvttvenelles.fr\\\/index.php\\\/2022\\\/03\\\/14\\\/recap-2022-1-pernes-les-fontaines\\\/#breadcrumb\",\"itemListElement\":[{\"@type\":\"ListItem\",\"position\":1,\"name\":\"Accueil\",\"item\":\"https:\\\/\\\/www.passionvttvenelles.fr\\\/\"},{\"@type\":\"ListItem\",\"position\":2,\"name\":\"REGIONSUD 2022 #1 Pernes-les-fontaines\"}]},{\"@type\":\"WebSite\",\"@id\":\"https:\\\/\\\/www.passionvttvenelles.fr\\\/#website\",\"url\":\"https:\\\/\\\/www.passionvttvenelles.fr\\\/\",\"name\":\"Passion VTT Venelles\",\"description\":\"De la d\u00e9couverte au plus haut niveau\",\"publisher\":{\"@id\":\"https:\\\/\\\/www.passionvttvenelles.fr\\\/#organization\"},\"potentialAction\":[{\"@type\":\"SearchAction\",\"target\":{\"@type\":\"EntryPoint\",\"urlTemplate\":\"https:\\\/\\\/www.passionvttvenelles.fr\\\/?s={search_term_string}\"},\"query-input\":{\"@type\":\"PropertyValueSpecification\",\"valueRequired\":true,\"valueName\":\"search_term_string\"}}],\"inLanguage\":\"fr-FR\"},{\"@type\":\"Organization\",\"@id\":\"https:\\\/\\\/www.passionvttvenelles.fr\\\/#organization\",\"name\":\"Passion VTT Venelles\",\"url\":\"https:\\\/\\\/www.passionvttvenelles.fr\\\/\",\"logo\":{\"@type\":\"ImageObject\",\"inLanguage\":\"fr-FR\",\"@id\":\"https:\\\/\\\/www.passionvttvenelles.fr\\\/#\\\/schema\\\/logo\\\/image\\\/\",\"url\":\"https:\\\/\\\/www.passionvttvenelles.fr\\\/wp-content\\\/uploads\\\/2024\\\/05\\\/P-club-copie.png\",\"contentUrl\":\"https:\\\/\\\/www.passionvttvenelles.fr\\\/wp-content\\\/uploads\\\/2024\\\/05\\\/P-club-copie.png\",\"width\":700,\"height\":700,\"caption\":\"Passion VTT Venelles\"},\"image\":{\"@id\":\"https:\\\/\\\/www.passionvttvenelles.fr\\\/#\\\/schema\\\/logo\\\/image\\\/\"},\"sameAs\":[\"https:\\\/\\\/www.facebook.com\\\/passionvttvenelles\\\/\",\"https:\\\/\\\/www.instagram.com\\\/passionvttvenelles\",\"https:\\\/\\\/www.tiktok.com\\\/@passionvttvenelles\",\"https:\\\/\\\/www.youtube.com\\\/channel\\\/UCY8LWXXXy-F3c8fmwtBvw_A\"]},{\"@type\":\"Person\",\"@id\":\"https:\\\/\\\/www.passionvttvenelles.fr\\\/#\\\/schema\\\/person\\\/72543dbdbc4a299923f7e9d9b3ba59e2\",\"name\":\"Ga\u00ebl Durieux\",\"image\":{\"@type\":\"ImageObject\",\"inLanguage\":\"fr-FR\",\"@id\":\"https:\\\/\\\/secure.gravatar.com\\\/avatar\\\/cd378bc4eaf1d6b05aa967e2105ca9aaf7b4f8f84f487f875d971328934fbc9c?s=96&d=mm&r=g\",\"url\":\"https:\\\/\\\/secure.gravatar.com\\\/avatar\\\/cd378bc4eaf1d6b05aa967e2105ca9aaf7b4f8f84f487f875d971328934fbc9c?s=96&d=mm&r=g\",\"contentUrl\":\"https:\\\/\\\/secure.gravatar.com\\\/avatar\\\/cd378bc4eaf1d6b05aa967e2105ca9aaf7b4f8f84f487f875d971328934fbc9c?s=96&d=mm&r=g\",\"caption\":\"Ga\u00ebl Durieux\"},\"url\":\"https:\\\/\\\/www.passionvttvenelles.fr\\\/index.php\\\/author\\\/gaeldurieux\\\/\"}]}<\/script>\n<!-- \/ Yoast SEO plugin. -->","yoast_head_json":{"title":"REGIONSUD 2022 #1 Pernes-les-fontaines - Passion VTT Venelles","robots":{"index":"index","follow":"follow","max-snippet":"max-snippet:-1","max-image-preview":"max-image-preview:large","max-video-preview":"max-video-preview:-1"},"canonical":"https:\/\/www.passionvttvenelles.fr\/index.php\/2022\/03\/14\/recap-2022-1-pernes-les-fontaines\/","og_locale":"fr_FR","og_type":"article","og_title":"REGIONSUD 2022 #1 Pernes-les-fontaines - Passion VTT Venelles","og_description":"Apr\u00e8s une reconnaisance venteuse et poussi\u00e8reuse le samedi, la pluie nous a menac\u00e9s toute la journ\u00e9e du dimanche mais nos coureurs ont pu emprunter le trac\u00e9 de Pernes-les-fontaines au sec. [&hellip;]","og_url":"https:\/\/www.passionvttvenelles.fr\/index.php\/2022\/03\/14\/recap-2022-1-pernes-les-fontaines\/","og_site_name":"Passion VTT Venelles","article_publisher":"https:\/\/www.facebook.com\/passionvttvenelles\/","article_published_time":"2022-03-14T07:23:00+00:00","article_modified_time":"2024-02-09T19:24:26+00:00","og_image":[{"width":2560,"height":1707,"url":"https:\/\/www.passionvttvenelles.fr\/wp-content\/uploads\/2024\/02\/DSCF1740-scaled.jpg","type":"image\/jpeg"}],"author":"Ga\u00ebl Durieux","twitter_card":"summary_large_image","twitter_misc":{"\u00c9crit par":"Ga\u00ebl Durieux","Dur\u00e9e de lecture estim\u00e9e":"1 minute"},"schema":{"@context":"https:\/\/schema.org","@graph":[{"@type":"Article","@id":"https:\/\/www.passionvttvenelles.fr\/index.php\/2022\/03\/14\/recap-2022-1-pernes-les-fontaines\/#article","isPartOf":{"@id":"https:\/\/www.passionvttvenelles.fr\/index.php\/2022\/03\/14\/recap-2022-1-pernes-les-fontaines\/"},"author":{"name":"Ga\u00ebl Durieux","@id":"https:\/\/www.passionvttvenelles.fr\/#\/schema\/person\/72543dbdbc4a299923f7e9d9b3ba59e2"},"headline":"REGIONSUD 2022 #1 Pernes-les-fontaines","datePublished":"2022-03-14T07:23:00+00:00","dateModified":"2024-02-09T19:24:26+00:00","mainEntityOfPage":{"@id":"https:\/\/www.passionvttvenelles.fr\/index.php\/2022\/03\/14\/recap-2022-1-pernes-les-fontaines\/"},"wordCount":257,"commentCount":0,"publisher":{"@id":"https:\/\/www.passionvttvenelles.fr\/#organization"},"image":{"@id":"https:\/\/www.passionvttvenelles.fr\/index.php\/2022\/03\/14\/recap-2022-1-pernes-les-fontaines\/#primaryimage"},"thumbnailUrl":"https:\/\/www.passionvttvenelles.fr\/wp-content\/uploads\/2024\/02\/DSCF1740-scaled.jpg","keywords":["crosscountry","mountainbike","mtblife","venelles","vtt","vttxco","xco region sud"],"articleSection":["Comp\u00e9titions","XCO R\u00e9gion Sud \/ PACA"],"inLanguage":"fr-FR","potentialAction":[{"@type":"CommentAction","name":"Comment","target":["https:\/\/www.passionvttvenelles.fr\/index.php\/2022\/03\/14\/recap-2022-1-pernes-les-fontaines\/#respond"]}]},{"@type":"WebPage","@id":"https:\/\/www.passionvttvenelles.fr\/index.php\/2022\/03\/14\/recap-2022-1-pernes-les-fontaines\/","url":"https:\/\/www.passionvttvenelles.fr\/index.php\/2022\/03\/14\/recap-2022-1-pernes-les-fontaines\/","name":"REGIONSUD 2022 #1 Pernes-les-fontaines - Passion VTT Venelles","isPartOf":{"@id":"https:\/\/www.passionvttvenelles.fr\/#website"},"primaryImageOfPage":{"@id":"https:\/\/www.passionvttvenelles.fr\/index.php\/2022\/03\/14\/recap-2022-1-pernes-les-fontaines\/#primaryimage"},"image":{"@id":"https:\/\/www.passionvttvenelles.fr\/index.php\/2022\/03\/14\/recap-2022-1-pernes-les-fontaines\/#primaryimage"},"thumbnailUrl":"https:\/\/www.passionvttvenelles.fr\/wp-content\/uploads\/2024\/02\/DSCF1740-scaled.jpg","datePublished":"2022-03-14T07:23:00+00:00","dateModified":"2024-02-09T19:24:26+00:00","breadcrumb":{"@id":"https:\/\/www.passionvttvenelles.fr\/index.php\/2022\/03\/14\/recap-2022-1-pernes-les-fontaines\/#breadcrumb"},"inLanguage":"fr-FR","potentialAction":[{"@type":"ReadAction","target":["https:\/\/www.passionvttvenelles.fr\/index.php\/2022\/03\/14\/recap-2022-1-pernes-les-fontaines\/"]}]},{"@type":"ImageObject","inLanguage":"fr-FR","@id":"https:\/\/www.passionvttvenelles.fr\/index.php\/2022\/03\/14\/recap-2022-1-pernes-les-fontaines\/#primaryimage","url":"https:\/\/www.passionvttvenelles.fr\/wp-content\/uploads\/2024\/02\/DSCF1740-scaled.jpg","contentUrl":"https:\/\/www.passionvttvenelles.fr\/wp-content\/uploads\/2024\/02\/DSCF1740-scaled.jpg","width":2560,"height":1707},{"@type":"BreadcrumbList","@id":"https:\/\/www.passionvttvenelles.fr\/index.php\/2022\/03\/14\/recap-2022-1-pernes-les-fontaines\/#breadcrumb","itemListElement":[{"@type":"ListItem","position":1,"name":"Accueil","item":"https:\/\/www.passionvttvenelles.fr\/"},{"@type":"ListItem","position":2,"name":"REGIONSUD 2022 #1 Pernes-les-fontaines"}]},{"@type":"WebSite","@id":"https:\/\/www.passionvttvenelles.fr\/#website","url":"https:\/\/www.passionvttvenelles.fr\/","name":"Passion VTT Venelles","description":"De la d\u00e9couverte au plus haut niveau","publisher":{"@id":"https:\/\/www.passionvttvenelles.fr\/#organization"},"potentialAction":[{"@type":"SearchAction","target":{"@type":"EntryPoint","urlTemplate":"https:\/\/www.passionvttvenelles.fr\/?s={search_term_string}"},"query-input":{"@type":"PropertyValueSpecification","valueRequired":true,"valueName":"search_term_string"}}],"inLanguage":"fr-FR"},{"@type":"Organization","@id":"https:\/\/www.passionvttvenelles.fr\/#organization","name":"Passion VTT Venelles","url":"https:\/\/www.passionvttvenelles.fr\/","logo":{"@type":"ImageObject","inLanguage":"fr-FR","@id":"https:\/\/www.passionvttvenelles.fr\/#\/schema\/logo\/image\/","url":"https:\/\/www.passionvttvenelles.fr\/wp-content\/uploads\/2024\/05\/P-club-copie.png","contentUrl":"https:\/\/www.passionvttvenelles.fr\/wp-content\/uploads\/2024\/05\/P-club-copie.png","width":700,"height":700,"caption":"Passion VTT Venelles"},"image":{"@id":"https:\/\/www.passionvttvenelles.fr\/#\/schema\/logo\/image\/"},"sameAs":["https:\/\/www.facebook.com\/passionvttvenelles\/","https:\/\/www.instagram.com\/passionvttvenelles","https:\/\/www.tiktok.com\/@passionvttvenelles","https:\/\/www.youtube.com\/channel\/UCY8LWXXXy-F3c8fmwtBvw_A"]},{"@type":"Person","@id":"https:\/\/www.passionvttvenelles.fr\/#\/schema\/person\/72543dbdbc4a299923f7e9d9b3ba59e2","name":"Ga\u00ebl Durieux","image":{"@type":"ImageObject","inLanguage":"fr-FR","@id":"https:\/\/secure.gravatar.com\/avatar\/cd378bc4eaf1d6b05aa967e2105ca9aaf7b4f8f84f487f875d971328934fbc9c?s=96&d=mm&r=g","url":"https:\/\/secure.gravatar.com\/avatar\/cd378bc4eaf1d6b05aa967e2105ca9aaf7b4f8f84f487f875d971328934fbc9c?s=96&d=mm&r=g","contentUrl":"https:\/\/secure.gravatar.com\/avatar\/cd378bc4eaf1d6b05aa967e2105ca9aaf7b4f8f84f487f875d971328934fbc9c?s=96&d=mm&r=g","caption":"Ga\u00ebl Durieux"},"url":"https:\/\/www.passionvttvenelles.fr\/index.php\/author\/gaeldurieux\/"}]}},"_links":{"self":[{"href":"https:\/\/www.passionvttvenelles.fr\/index.php\/wp-json\/wp\/v2\/posts\/914","targetHints":{"allow":["GET"]}}],"collection":[{"href":"https:\/\/www.passionvttvenelles.fr\/index.php\/wp-json\/wp\/v2\/posts"}],"about":[{"href":"https:\/\/www.passionvttvenelles.fr\/index.php\/wp-json\/wp\/v2\/types\/post"}],"author":[{"embeddable":true,"href":"https:\/\/www.passionvttvenelles.fr\/index.php\/wp-json\/wp\/v2\/users\/3"}],"replies":[{"embeddable":true,"href":"https:\/\/www.passionvttvenelles.fr\/index.php\/wp-json\/wp\/v2\/comments?post=914"}],"version-history":[{"count":2,"href":"https:\/\/www.passionvttvenelles.fr\/index.php\/wp-json\/wp\/v2\/posts\/914\/revisions"}],"predecessor-version":[{"id":950,"href":"https:\/\/www.passionvttvenelles.fr\/index.php\/wp-json\/wp\/v2\/posts\/914\/revisions\/950"}],"wp:featuredmedia":[{"embeddable":true,"href":"https:\/\/www.passionvttvenelles.fr\/index.php\/wp-json\/wp\/v2\/media\/920"}],"wp:attachment":[{"href":"https:\/\/www.passionvttvenelles.fr\/index.php\/wp-json\/wp\/v2\/media?parent=914"}],"wp:term":[{"taxonomy":"category","embeddable":true,"href":"https:\/\/www.passionvttvenelles.fr\/index.php\/wp-json\/wp\/v2\/categories?post=914"},{"taxonomy":"post_tag","embeddable":true,"href":"https:\/\/www.passionvttvenelles.fr\/index.php\/wp-json\/wp\/v2\/tags?post=914"}],"curies":[{"name":"wp","href":"https:\/\/api.w.org\/{rel}","templated":true}]}}